{"id":2093,"date":"2021-04-25T10:39:06","date_gmt":"2021-04-25T13:39:06","guid":{"rendered":"http:\/\/sinspeb.org.br\/?p=2093"},"modified":"2021-04-25T14:01:03","modified_gmt":"2021-04-25T17:01:03","slug":"sinsppeb-suspende-assembleia-do-cpj-diante-promessa-de-inicio-do-calendario-vacinal","status":"publish","type":"post","link":"https:\/\/sinspeb.org.br\/?p=2093","title":{"rendered":"SINSPPEB suspende assembleia do CPJ, diante promessa de in\u00edcio do calend\u00e1rio vacinal"},"content":{"rendered":"<p>SINSPPEB suspende assembleia do CPJ, diante promessa de in\u00edcio do calend\u00e1rio vacinal<\/p>\n<p>&nbsp;<\/p>\n<p>O Presidente Reivon Pimentel, do Sindicato dos Servidores da Pol\u00edcia Penal do Estado da Bahia (SINSPPEB), no uso de suas atribui\u00e7\u00f5es, suspendeu na tarde deste s\u00e1bado (24\/04), a Assembleia Geral Extraordin\u00e1ria, prevista para o dia 26 de abril de 2021 (segunda feira), no Conjunto Penal de Jequi\u00e9 &#8211; CPJ. A tomada de decis\u00e3o ocorreu em considera\u00e7\u00e3o a palavra empenhada pela Secret\u00e1ria Municipal de Sa\u00fade, Poliana Leandra Oliveira, que na ter\u00e7a feira (27\/04) ser\u00e1 publicado em Di\u00e1rio Oficial a Resolu\u00e7\u00e3o da CIB, dando in\u00edcio ao calend\u00e1rio de vacina\u00e7\u00e3o contra Covid-19 dos Policiais Penais lotados no CPJ com idade de 40 anos ou mais na pr\u00f3pria ter\u00e7a feira (27\/04) .<\/p>\n<p>Diante da demostra\u00e7\u00e3o de sensibilidade com a quest\u00e3o, \u00e9 justo que conceda um voto de confian\u00e7a a Secret\u00e1ria Poliana, em considera\u00e7\u00e3o a palavra empenhada, por\u00e9m, caso a vacina\u00e7\u00e3o contra Covid-19 n\u00e3o inicie no dia 27 de abril, realizaremos novo chamamento de assembleia.<\/p>\n<p>Aproveitamos a oportunidade e agradecemos ao Diretor Major Henrique e o Grupo Ocupacional de Sa\u00fade do CPJ pelo apoio e empenho, e aos Policiais Penais que de forma consciente e madura solicitou do Diretor Sindical Jos\u00e9 Ramalho, que compromissado com a categoria, prontamente atendeu ao chamamento de uma assembleia na busca de solu\u00e7\u00e3o.<\/p>\n<p>Juntos somos fortes, unidos somos imbat\u00edveis!<\/p>\n<p>Salvador, 25 de abril de 2021.<br \/>\nAscom- SINSPPEB<\/p>\n","protected":false},"excerpt":{"rendered":"<p>SINSPPEB suspende assembleia do CPJ, diante promessa de in\u00edcio do calend\u00e1rio vacinal &nbsp; O Presidente Reivon Pimentel, do Sindicato dos<\/p>\n","protected":false},"author":3,"featured_media":2094,"comment_status":"open","ping_status":"open","sticky":false,"template":"","format":"standard","meta":{"colormag_page_container_layout":"default_layout","colormag_page_sidebar_layout":"default_layout","footnotes":""},"categories":[45,1],"tags":[],"class_list":["post-2093","post","type-post","status-publish","format-standard","has-post-thumbnail","hentry","category-importante","category-noticias"],"_links":{"self":[{"href":"https:\/\/sinspeb.org.br\/index.php?rest_route=\/wp\/v2\/posts\/2093","targetHints":{"allow":["GET"]}}],"collection":[{"href":"https:\/\/sinspeb.org.br\/index.php?rest_route=\/wp\/v2\/posts"}],"about":[{"href":"https:\/\/sinspeb.org.br\/index.php?rest_route=\/wp\/v2\/types\/post"}],"author":[{"embeddable":true,"href":"https:\/\/sinspeb.org.br\/index.php?rest_route=\/wp\/v2\/users\/3"}],"replies":[{"embeddable":true,"href":"https:\/\/sinspeb.org.br\/index.php?rest_route=%2Fwp%2Fv2%2Fcomments&post=2093"}],"version-history":[{"count":3,"href":"https:\/\/sinspeb.org.br\/index.php?rest_route=\/wp\/v2\/posts\/2093\/revisions"}],"predecessor-version":[{"id":2102,"href":"https:\/\/sinspeb.org.br\/index.php?rest_route=\/wp\/v2\/posts\/2093\/revisions\/2102"}],"wp:featuredmedia":[{"embeddable":true,"href":"https:\/\/sinspeb.org.br\/index.php?rest_route=\/wp\/v2\/media\/2094"}],"wp:attachment":[{"href":"https:\/\/sinspeb.org.br\/index.php?rest_route=%2Fwp%2Fv2%2Fmedia&parent=2093"}],"wp:term":[{"taxonomy":"category","embeddable":true,"href":"https:\/\/sinspeb.org.br\/index.php?rest_route=%2Fwp%2Fv2%2Fcategories&post=2093"},{"taxonomy":"post_tag","embeddable":true,"href":"https:\/\/sinspeb.org.br\/index.php?rest_route=%2Fwp%2Fv2%2Ftags&post=2093"}],"curies":[{"name":"wp","href":"https:\/\/api.w.org\/{rel}","templated":true}]}}