{"id":2096,"date":"2021-04-25T10:44:32","date_gmt":"2021-04-25T13:44:32","guid":{"rendered":"http:\/\/sinspeb.org.br\/?p=2096"},"modified":"2021-04-25T13:59:18","modified_gmt":"2021-04-25T16:59:18","slug":"sinsppeb-campanha-publicitaria-pela-aprovacao-da-pec-160-2020","status":"publish","type":"post","link":"https:\/\/sinspeb.org.br\/?p=2096","title":{"rendered":"SINSPPEB &#8211; Campanha Publicit\u00e1ria pela Aprova\u00e7\u00e3o da PEC 160\/2020"},"content":{"rendered":"<p><strong>SINSPPEB &#8211; Campanha Publicit\u00e1ria pela Aprova\u00e7\u00e3o da PEC 160\/2020<\/strong><\/p>\n<p>&nbsp;<\/p>\n<p><img fetchpriority=\"high\" decoding=\"async\" class=\"size-medium wp-image-2097 aligncenter\" src=\"http:\/\/sinspeb.org.br\/wp-content\/uploads\/2021\/04\/IMG-20210425-WA0010-300x184.jpg\" alt=\"\" width=\"300\" height=\"184\" srcset=\"https:\/\/sinspeb.org.br\/wp-content\/uploads\/2021\/04\/IMG-20210425-WA0010-300x184.jpg 300w, https:\/\/sinspeb.org.br\/wp-content\/uploads\/2021\/04\/IMG-20210425-WA0010-1024x626.jpg 1024w, https:\/\/sinspeb.org.br\/wp-content\/uploads\/2021\/04\/IMG-20210425-WA0010-768x470.jpg 768w, https:\/\/sinspeb.org.br\/wp-content\/uploads\/2021\/04\/IMG-20210425-WA0010.jpg 1280w\" sizes=\"(max-width: 300px) 100vw, 300px\" \/><\/p>\n<p>&nbsp;<\/p>\n<p>O Sindicato dos Servidores da Pol\u00edcia Penal do Estado da Bahia &#8211; SINSPPEB iniciou, neste s\u00e1bado (24\/04), uma Campanha Publicit\u00e1ria, atrav\u00e9s da instala\u00e7\u00e3o de outdoor na Av. Luis Viana Filho (sentido Centro), pela aprova\u00e7\u00e3o da Proposta de Emenda Constitucional &#8211; PEC n\u00b0160\/2020, que tramita na Assembleia Legislativa da Bahia (ALBA) desde o m\u00eas de julho de 2020, e que atualmente encontra-se parada na Comiss\u00e3o de Constitui\u00e7\u00e3o e Justi\u00e7a da ALBA.<\/p>\n<p>A PEC 160\/2020 decorre da altera\u00e7\u00e3o da Constitui\u00e7\u00e3o Federal, realizada atrav\u00e9s da Emenda Constitucional 104\/2019, que incluiu a Pol\u00edcia Penal, como \u00f3rg\u00e3o respons\u00e1vel pela seguran\u00e7a dos estabelecimentos penais do pa\u00eds. Por esta raz\u00e3o, os Estados e o distrito federal s\u00e3o obrigados a reproduzirem a referida altera\u00e7\u00e3o em suas respectivas constitui\u00e7\u00f5es.<\/p>\n<p>No Brasil temos 27 (vinte e sete) unidades federativas, das quais 19 (dezenove) j\u00e1 inclu\u00edram a Pol\u00edcia Penal em seus textos constitucionais, analisando a regi\u00e3o Nordeste, apenas a Bahia e a Para\u00edba ainda n\u00e3o atualizaram suas constitui\u00e7\u00f5es estaduais.<\/p>\n<p>O Governador Rui Costa \u00e9 o \u00fanico governador do Partido dos Trabalhadores (PT), dos quatro atuais governadores do PT no Brasil, que n\u00e3o instituiu a Pol\u00edcia Penal em seu Estado.<\/p>\n<p>Desta forma, os Policiais Penais baianos, atrav\u00e9s do SINSPPEB, iniciam esta campanha pela inclus\u00e3o da Pol\u00edcia Penal na Constitui\u00e7\u00e3o do Estado da Bahia e nessa segunda-feira (26\/04), o SINSPPEB oficiar\u00e1 o Governador Rui Costa (PT-BA), o Presidente da ALBA &#8211; Deputado Estadual Aldolfo Menezes (PSD-BA), o Secret\u00e1rio de Administra\u00e7\u00e3o Penitenci\u00e1ria e Ressocializa\u00e7\u00e3o &#8211; Nestor Duarte e o Presidente do Tribunal de Justi\u00e7a da Bahia &#8211; Desembargador Lourival Almeida Trindade (mediador), pleiteando celeridade na aprova\u00e7\u00e3o da mat\u00e9ria.<\/p>\n<p>Alertamos que, caso n\u00e3o haja manifesta\u00e7\u00e3o das referidas autoridades nos pr\u00f3ximos 20 (vinte) dias, realizaremos o chamamento de assembleia para os Policias Penais da Bahia, para deliberar por uma s\u00e9rie de paralisa\u00e7\u00f5es em todas as unidades prisionais do Estado, at\u00e9 que a Pol\u00edcia Penal seja definitivamente inclu\u00edda na Constitui\u00e7\u00e3o do Estado da Bahia.<\/p>\n<p>SSA, 25.04.2021<br \/>\n<strong>Ascom &#8211; SINSPPEB<\/strong><\/p>\n","protected":false},"excerpt":{"rendered":"<p>SINSPPEB &#8211; Campanha Publicit\u00e1ria pela Aprova\u00e7\u00e3o da PEC 160\/2020 &nbsp; &nbsp; O Sindicato dos Servidores da Pol\u00edcia Penal do Estado<\/p>\n","protected":false},"author":3,"featured_media":2097,"comment_status":"open","ping_status":"open","sticky":false,"template":"","format":"standard","meta":{"colormag_page_container_layout":"default_layout","colormag_page_sidebar_layout":"default_layout","footnotes":""},"categories":[45,1],"tags":[],"class_list":["post-2096","post","type-post","status-publish","format-standard","has-post-thumbnail","hentry","category-importante","category-noticias"],"_links":{"self":[{"href":"https:\/\/sinspeb.org.br\/index.php?rest_route=\/wp\/v2\/posts\/2096","targetHints":{"allow":["GET"]}}],"collection":[{"href":"https:\/\/sinspeb.org.br\/index.php?rest_route=\/wp\/v2\/posts"}],"about":[{"href":"https:\/\/sinspeb.org.br\/index.php?rest_route=\/wp\/v2\/types\/post"}],"author":[{"embeddable":true,"href":"https:\/\/sinspeb.org.br\/index.php?rest_route=\/wp\/v2\/users\/3"}],"replies":[{"embeddable":true,"href":"https:\/\/sinspeb.org.br\/index.php?rest_route=%2Fwp%2Fv2%2Fcomments&post=2096"}],"version-history":[{"count":2,"href":"https:\/\/sinspeb.org.br\/index.php?rest_route=\/wp\/v2\/posts\/2096\/revisions"}],"predecessor-version":[{"id":2100,"href":"https:\/\/sinspeb.org.br\/index.php?rest_route=\/wp\/v2\/posts\/2096\/revisions\/2100"}],"wp:featuredmedia":[{"embeddable":true,"href":"https:\/\/sinspeb.org.br\/index.php?rest_route=\/wp\/v2\/media\/2097"}],"wp:attachment":[{"href":"https:\/\/sinspeb.org.br\/index.php?rest_route=%2Fwp%2Fv2%2Fmedia&parent=2096"}],"wp:term":[{"taxonomy":"category","embeddable":true,"href":"https:\/\/sinspeb.org.br\/index.php?rest_route=%2Fwp%2Fv2%2Fcategories&post=2096"},{"taxonomy":"post_tag","embeddable":true,"href":"https:\/\/sinspeb.org.br\/index.php?rest_route=%2Fwp%2Fv2%2Ftags&post=2096"}],"curies":[{"name":"wp","href":"https:\/\/api.w.org\/{rel}","templated":true}]}}