{"id":2103,"date":"2021-04-28T15:03:15","date_gmt":"2021-04-28T18:03:15","guid":{"rendered":"http:\/\/sinspeb.org.br\/?p=2103"},"modified":"2021-04-28T15:03:15","modified_gmt":"2021-04-28T18:03:15","slug":"pec-no-32-2020-nao-pode-passar-contra-o-desmonte-dos-servicos-publicos","status":"publish","type":"post","link":"https:\/\/sinspeb.org.br\/?p=2103","title":{"rendered":"PEC n\u00ba 32\/2020 n\u00e3o pode passar! Contra o desmonte dos Servi\u00e7os P\u00fablicos"},"content":{"rendered":"<p><strong>PEC n\u00ba 32\/2020 n\u00e3o pode passar! Contra o desmonte dos Servi\u00e7os P\u00fablicos<\/strong><\/p>\n<p>&nbsp;<\/p>\n<p>O Sindicato dos Servidores da Pol\u00edcia Penal do Estado da Bahia &#8211; SINSPPEB, representado pelo Presidente Reivon Pimentel, convida a sociedade e especialmente todos os Servidores P\u00fablicos a uma leitura reflexiva sobre a Proposta de Emenda Constitucional &#8211; PEC n\u00ba 32\/2020, que versa sobre a Reforma Administrativa.<\/p>\n<p>O Governo Federal vem anunciando uma s\u00e9rie de reformas como a salvadora da p\u00e1tria para a retomada do crescimento econ\u00f4mico, sendo a PEC 32\/2020 uma delas, no entanto, seus dispositivos contemplam v\u00e1rios ataques e retrocessos de direitos e garantias dos servidores p\u00fablicos das tr\u00eas esferas, Uni\u00e3o, Estados e Munic\u00edpios, conquistados em lutas severas ao longo do s\u00e9culo XX.<\/p>\n<p>Vejamos, alguns pontos que devem ser combatidos, que ser\u00e3o totalmente prejudiciais ao Servi\u00e7o P\u00fablico, que trata a PEC 32\/2020: Fim da estabilidade e novas regras de ingresso no Servi\u00e7o P\u00fablico, facilidade de contrata\u00e7\u00e3o de tempor\u00e1rios, a Extin\u00e7\u00e3o do Regime Jur\u00eddico \u00danico dos Servidores; Plenos poderes ao Chefe do Executivo; extin\u00e7\u00e3o de \u00f3rg\u00e3os do Executivo sem aprecia\u00e7\u00e3o do Legislativo, entregando quase toda administra\u00e7\u00e3o p\u00fablica para a iniciativa privada, dentre outros.<\/p>\n<p>Assim, o SINSPPEB pede a colabora\u00e7\u00e3o da sociedade e dos servidores p\u00fablicos que requeiram dos seus representantes parlamentares o apoio a defesa dos direitos e garantias dos servidores p\u00fablicos, para que votem contra a PEC 32\/2020 em raz\u00e3o das diversas inconstitucionalidades e ofensas aos direitos adquiridos constantes na Constitui\u00e7\u00e3o Federal Brasileira de 1988.<\/p>\n<p>SSA, 28 de abril de 2021<\/p>\n<p>Ascom &#8211; SINSPPEB<\/p>\n","protected":false},"excerpt":{"rendered":"<p>PEC n\u00ba 32\/2020 n\u00e3o pode passar! Contra o desmonte dos Servi\u00e7os P\u00fablicos &nbsp; O Sindicato dos Servidores da Pol\u00edcia Penal<\/p>\n","protected":false},"author":3,"featured_media":0,"comment_status":"open","ping_status":"open","sticky":false,"template":"","format":"standard","meta":{"colormag_page_container_layout":"default_layout","colormag_page_sidebar_layout":"default_layout","footnotes":""},"categories":[1],"tags":[],"class_list":["post-2103","post","type-post","status-publish","format-standard","hentry","category-noticias"],"_links":{"self":[{"href":"https:\/\/sinspeb.org.br\/index.php?rest_route=\/wp\/v2\/posts\/2103","targetHints":{"allow":["GET"]}}],"collection":[{"href":"https:\/\/sinspeb.org.br\/index.php?rest_route=\/wp\/v2\/posts"}],"about":[{"href":"https:\/\/sinspeb.org.br\/index.php?rest_route=\/wp\/v2\/types\/post"}],"author":[{"embeddable":true,"href":"https:\/\/sinspeb.org.br\/index.php?rest_route=\/wp\/v2\/users\/3"}],"replies":[{"embeddable":true,"href":"https:\/\/sinspeb.org.br\/index.php?rest_route=%2Fwp%2Fv2%2Fcomments&post=2103"}],"version-history":[{"count":3,"href":"https:\/\/sinspeb.org.br\/index.php?rest_route=\/wp\/v2\/posts\/2103\/revisions"}],"predecessor-version":[{"id":2106,"href":"https:\/\/sinspeb.org.br\/index.php?rest_route=\/wp\/v2\/posts\/2103\/revisions\/2106"}],"wp:attachment":[{"href":"https:\/\/sinspeb.org.br\/index.php?rest_route=%2Fwp%2Fv2%2Fmedia&parent=2103"}],"wp:term":[{"taxonomy":"category","embeddable":true,"href":"https:\/\/sinspeb.org.br\/index.php?rest_route=%2Fwp%2Fv2%2Fcategories&post=2103"},{"taxonomy":"post_tag","embeddable":true,"href":"https:\/\/sinspeb.org.br\/index.php?rest_route=%2Fwp%2Fv2%2Ftags&post=2103"}],"curies":[{"name":"wp","href":"https:\/\/api.w.org\/{rel}","templated":true}]}}