{"id":2112,"date":"2021-04-29T14:31:05","date_gmt":"2021-04-29T17:31:05","guid":{"rendered":"http:\/\/sinspeb.org.br\/?p=2112"},"modified":"2021-04-29T14:31:05","modified_gmt":"2021-04-29T17:31:05","slug":"convocacao-para-atos-em-comemoracao-ao-dia-do-trabalhador","status":"publish","type":"post","link":"https:\/\/sinspeb.org.br\/?p=2112","title":{"rendered":"CONVOCA\u00c7\u00c3O PARA ATOS EM COMEMORA\u00c7\u00c3O AO DIA DO TRABALHADOR"},"content":{"rendered":"<p>O Presidente do Sindicato dos Servidores da Pol\u00edcia Penal do Estado da Bahia-SINSPPEB, Reivon Pimentel, convoca todos os Servidores Penitenci\u00e1rios para participarem dos atos que come\u00e7am hoje (29.04.21), em Comemora\u00e7\u00e3o ao Dia do Trabalhador.<\/p>\n<p>Seguindo todos os protocolos para a preven\u00e7\u00e3o da Covid-19, protestaremos em prol da DEMOCRACIA, EMPREGO E VACINA PARA TODOS!<\/p>\n<p><img fetchpriority=\"high\" decoding=\"async\" class=\"alignnone size-medium wp-image-2113\" src=\"http:\/\/sinspeb.org.br\/wp-content\/uploads\/2021\/04\/IMG-20210428-WA0061-300x300.jpg\" alt=\"\" width=\"300\" height=\"300\" srcset=\"https:\/\/sinspeb.org.br\/wp-content\/uploads\/2021\/04\/IMG-20210428-WA0061-300x300.jpg 300w, https:\/\/sinspeb.org.br\/wp-content\/uploads\/2021\/04\/IMG-20210428-WA0061-1024x1024.jpg 1024w, https:\/\/sinspeb.org.br\/wp-content\/uploads\/2021\/04\/IMG-20210428-WA0061-150x150.jpg 150w, https:\/\/sinspeb.org.br\/wp-content\/uploads\/2021\/04\/IMG-20210428-WA0061-768x768.jpg 768w, https:\/\/sinspeb.org.br\/wp-content\/uploads\/2021\/04\/IMG-20210428-WA0061.jpg 1080w\" sizes=\"(max-width: 300px) 100vw, 300px\" \/><\/p>\n<p>GEST\u00c3O UFC &#8211; EM PROL DO TRABALHADOR!<\/p>\n<p>&nbsp;<\/p>\n<p>ASCOM &#8211; SINSPPEB<\/p>\n","protected":false},"excerpt":{"rendered":"<p>O Presidente do Sindicato dos Servidores da Pol\u00edcia Penal do Estado da Bahia-SINSPPEB, Reivon Pimentel, convoca todos os Servidores Penitenci\u00e1rios<\/p>\n","protected":false},"author":3,"featured_media":2113,"comment_status":"open","ping_status":"open","sticky":false,"template":"","format":"standard","meta":{"colormag_page_container_layout":"default_layout","colormag_page_sidebar_layout":"default_layout","footnotes":""},"categories":[45,1],"tags":[],"class_list":["post-2112","post","type-post","status-publish","format-standard","has-post-thumbnail","hentry","category-importante","category-noticias"],"_links":{"self":[{"href":"https:\/\/sinspeb.org.br\/index.php?rest_route=\/wp\/v2\/posts\/2112","targetHints":{"allow":["GET"]}}],"collection":[{"href":"https:\/\/sinspeb.org.br\/index.php?rest_route=\/wp\/v2\/posts"}],"about":[{"href":"https:\/\/sinspeb.org.br\/index.php?rest_route=\/wp\/v2\/types\/post"}],"author":[{"embeddable":true,"href":"https:\/\/sinspeb.org.br\/index.php?rest_route=\/wp\/v2\/users\/3"}],"replies":[{"embeddable":true,"href":"https:\/\/sinspeb.org.br\/index.php?rest_route=%2Fwp%2Fv2%2Fcomments&post=2112"}],"version-history":[{"count":1,"href":"https:\/\/sinspeb.org.br\/index.php?rest_route=\/wp\/v2\/posts\/2112\/revisions"}],"predecessor-version":[{"id":2114,"href":"https:\/\/sinspeb.org.br\/index.php?rest_route=\/wp\/v2\/posts\/2112\/revisions\/2114"}],"wp:featuredmedia":[{"embeddable":true,"href":"https:\/\/sinspeb.org.br\/index.php?rest_route=\/wp\/v2\/media\/2113"}],"wp:attachment":[{"href":"https:\/\/sinspeb.org.br\/index.php?rest_route=%2Fwp%2Fv2%2Fmedia&parent=2112"}],"wp:term":[{"taxonomy":"category","embeddable":true,"href":"https:\/\/sinspeb.org.br\/index.php?rest_route=%2Fwp%2Fv2%2Fcategories&post=2112"},{"taxonomy":"post_tag","embeddable":true,"href":"https:\/\/sinspeb.org.br\/index.php?rest_route=%2Fwp%2Fv2%2Ftags&post=2112"}],"curies":[{"name":"wp","href":"https:\/\/api.w.org\/{rel}","templated":true}]}}