{"id":2128,"date":"2021-04-30T18:40:07","date_gmt":"2021-04-30T21:40:07","guid":{"rendered":"http:\/\/sinspeb.org.br\/?p=2128"},"modified":"2021-04-30T18:45:13","modified_gmt":"2021-04-30T21:45:13","slug":"diretoria-do-sinsppeb-solicita-ao-secretario-da-seap-nomeacao-urgente-dos-aprovados-no-concurso-de-2014","status":"publish","type":"post","link":"https:\/\/sinspeb.org.br\/?p=2128","title":{"rendered":"DIRETORIA DO SINSPPEB SOLICITA AO SECRET\u00c1RIO DA SEAP NOMEA\u00c7AO URGENTE DOS APROVADOS NO CONCURSO DE 2014"},"content":{"rendered":"<p>O Presidente do Sindicato dos Servidores da Pol\u00edcia Penal do Estado da Bahia-SINSPPEB, Reivon Pimentel, solicitou na \u00faltima quarta-feira (28.04.2021), por meio de of\u00edcio ao Secret\u00e1rio de Administra\u00e7\u00e3o Penitenci\u00e1ria e Ressocializa\u00e7\u00e3o, Senhor Nestor Duarte, que no uso de suas atribui\u00e7\u00f5es empregue os esfor\u00e7os necess\u00e1rios para a Nomea\u00e7\u00e3o dos Aprovados no \u00faltimo certame realizado no ano de 2014.<\/p>\n<p><img fetchpriority=\"high\" decoding=\"async\" class=\"alignnone size-medium wp-image-2130\" src=\"http:\/\/sinspeb.org.br\/wp-content\/uploads\/2021\/04\/CamScanner-04-29-2021-11.44_7-210x300.jpg\" alt=\"\" width=\"210\" height=\"300\" srcset=\"https:\/\/sinspeb.org.br\/wp-content\/uploads\/2021\/04\/CamScanner-04-29-2021-11.44_7-210x300.jpg 210w, https:\/\/sinspeb.org.br\/wp-content\/uploads\/2021\/04\/CamScanner-04-29-2021-11.44_7-718x1024.jpg 718w, https:\/\/sinspeb.org.br\/wp-content\/uploads\/2021\/04\/CamScanner-04-29-2021-11.44_7-768x1095.jpg 768w, https:\/\/sinspeb.org.br\/wp-content\/uploads\/2021\/04\/CamScanner-04-29-2021-11.44_7-1077x1536.jpg 1077w, https:\/\/sinspeb.org.br\/wp-content\/uploads\/2021\/04\/CamScanner-04-29-2021-11.44_7-1436x2048.jpg 1436w, https:\/\/sinspeb.org.br\/wp-content\/uploads\/2021\/04\/CamScanner-04-29-2021-11.44_7-scaled.jpg 1795w\" sizes=\"(max-width: 210px) 100vw, 210px\" \/><img decoding=\"async\" class=\"alignnone size-medium wp-image-2132\" src=\"http:\/\/sinspeb.org.br\/wp-content\/uploads\/2021\/04\/CamScanner-04-29-2021-11.22_2-216x300.jpg\" alt=\"\" width=\"216\" height=\"300\" srcset=\"https:\/\/sinspeb.org.br\/wp-content\/uploads\/2021\/04\/CamScanner-04-29-2021-11.22_2-216x300.jpg 216w, https:\/\/sinspeb.org.br\/wp-content\/uploads\/2021\/04\/CamScanner-04-29-2021-11.22_2-736x1024.jpg 736w, https:\/\/sinspeb.org.br\/wp-content\/uploads\/2021\/04\/CamScanner-04-29-2021-11.22_2-768x1069.jpg 768w, https:\/\/sinspeb.org.br\/wp-content\/uploads\/2021\/04\/CamScanner-04-29-2021-11.22_2-1104x1536.jpg 1104w, https:\/\/sinspeb.org.br\/wp-content\/uploads\/2021\/04\/CamScanner-04-29-2021-11.22_2-1472x2048.jpg 1472w, https:\/\/sinspeb.org.br\/wp-content\/uploads\/2021\/04\/CamScanner-04-29-2021-11.22_2-scaled.jpg 1840w\" sizes=\"(max-width: 216px) 100vw, 216px\" \/><\/p>\n<p>Vale salientar, que os candidatos est\u00e3o na expectativa de auferirem a investidura no cargo de Policial Penal, pois os mesmos j\u00e1 completaram todas as etapas do certame, inclusive j\u00e1 houve publica\u00e7\u00e3o em di\u00e1rio oficial dos candidatos aptos nos exames m\u00e9dicos para per\u00edcia pr\u00e9-admissional no \u00faltimo dia 20 de abril de 2021, atrav\u00e9s da portaria de n\u00famero 105.<\/p>\n<p>Diante de toda esta problem\u00e1tica de d\u00e9ficit de Policiais Penais em que o Sistema Prisional encontra-se e a iminente passagem para a inatividade de muitos Servidores, urge a necessidade de nomea\u00e7\u00e3o dos aprovados no \u00faltimo concurso, para que desta forma seja minimizada a fragilidade da seguran\u00e7a nas Unidades Prisionais. Al\u00e9m do mais, ser\u00e1 possibilitado que as assist\u00eancias concedidas \u00e0s pessoas privadas de liberdade previstas na Lei n\u00b0 7.210\/84 (Lei de Execu\u00e7\u00e3o Penal), sejam devidamente cumprimidas e evitado desta maneira um colapso nos Estabelecimentos Prisionais.<\/p>\n<p>GEST\u00c3O UFC &#8211; O NOSSO TRABALHO VOC\u00ca V\u00ca!<\/p>\n<p>&nbsp;<\/p>\n<p>ASCOM \u2013 SINSPPEB<\/p>\n","protected":false},"excerpt":{"rendered":"<p>O Presidente do Sindicato dos Servidores da Pol\u00edcia Penal do Estado da Bahia-SINSPPEB, Reivon Pimentel, solicitou na \u00faltima quarta-feira (28.04.2021),<\/p>\n","protected":false},"author":3,"featured_media":1567,"comment_status":"open","ping_status":"open","sticky":false,"template":"","format":"standard","meta":{"colormag_page_container_layout":"default_layout","colormag_page_sidebar_layout":"default_layout","footnotes":""},"categories":[45,1],"tags":[],"class_list":["post-2128","post","type-post","status-publish","format-standard","has-post-thumbnail","hentry","category-importante","category-noticias"],"_links":{"self":[{"href":"https:\/\/sinspeb.org.br\/index.php?rest_route=\/wp\/v2\/posts\/2128","targetHints":{"allow":["GET"]}}],"collection":[{"href":"https:\/\/sinspeb.org.br\/index.php?rest_route=\/wp\/v2\/posts"}],"about":[{"href":"https:\/\/sinspeb.org.br\/index.php?rest_route=\/wp\/v2\/types\/post"}],"author":[{"embeddable":true,"href":"https:\/\/sinspeb.org.br\/index.php?rest_route=\/wp\/v2\/users\/3"}],"replies":[{"embeddable":true,"href":"https:\/\/sinspeb.org.br\/index.php?rest_route=%2Fwp%2Fv2%2Fcomments&post=2128"}],"version-history":[{"count":3,"href":"https:\/\/sinspeb.org.br\/index.php?rest_route=\/wp\/v2\/posts\/2128\/revisions"}],"predecessor-version":[{"id":2133,"href":"https:\/\/sinspeb.org.br\/index.php?rest_route=\/wp\/v2\/posts\/2128\/revisions\/2133"}],"wp:featuredmedia":[{"embeddable":true,"href":"https:\/\/sinspeb.org.br\/index.php?rest_route=\/wp\/v2\/media\/1567"}],"wp:attachment":[{"href":"https:\/\/sinspeb.org.br\/index.php?rest_route=%2Fwp%2Fv2%2Fmedia&parent=2128"}],"wp:term":[{"taxonomy":"category","embeddable":true,"href":"https:\/\/sinspeb.org.br\/index.php?rest_route=%2Fwp%2Fv2%2Fcategories&post=2128"},{"taxonomy":"post_tag","embeddable":true,"href":"https:\/\/sinspeb.org.br\/index.php?rest_route=%2Fwp%2Fv2%2Ftags&post=2128"}],"curies":[{"name":"wp","href":"https:\/\/api.w.org\/{rel}","templated":true}]}}