{"id":2148,"date":"2021-05-03T14:03:42","date_gmt":"2021-05-03T17:03:42","guid":{"rendered":"http:\/\/sinspeb.org.br\/?p=2148"},"modified":"2021-05-03T14:03:42","modified_gmt":"2021-05-03T17:03:42","slug":"mobilizacao-das-centrais-sindicais-em-frente-ao-shopping-da-bahia-marca-dia-do-trabalhador","status":"publish","type":"post","link":"https:\/\/sinspeb.org.br\/?p=2148","title":{"rendered":"MOBILIZA\u00c7\u00c3O DAS CENTRAIS SINDICAIS EM FRENTE AO SHOPPING DA BAHIA MARCA DIA DO TRABALHADOR"},"content":{"rendered":"<p>O Dia do Trabalhador foi marcado por uma grande mobiliza\u00e7\u00e3o em frente ao Shopping da Bahia (antigo Shopping Iguatemi). As Centrais Sindicais, a exemplo da Central \u00danica dos Trabalhadores-CUT, Central dos Trabalhadores e Trabalhadoras do Brasil-CTB, For\u00e7a Sindical, Uni\u00e3o Geral dos Trabalhadores-UGT e Nova Central se uniram em um protesto pac\u00edfico na manh\u00e3 do \u00faltimo s\u00e1bado (01.05.21), e fecharam as duas pistas que ficam em frente ao Shopping da Bahia, como forma de chamar a aten\u00e7\u00e3o da popula\u00e7\u00e3o e das autoridades em favor dos trabalhadores e trabalhadoras.<\/p>\n<p><img fetchpriority=\"high\" decoding=\"async\" class=\"alignnone size-medium wp-image-2150\" src=\"http:\/\/sinspeb.org.br\/wp-content\/uploads\/2021\/05\/IMG_20210503_134137_327-300x300.jpg\" alt=\"\" width=\"300\" height=\"300\" srcset=\"https:\/\/sinspeb.org.br\/wp-content\/uploads\/2021\/05\/IMG_20210503_134137_327-300x300.jpg 300w, https:\/\/sinspeb.org.br\/wp-content\/uploads\/2021\/05\/IMG_20210503_134137_327-150x150.jpg 150w, https:\/\/sinspeb.org.br\/wp-content\/uploads\/2021\/05\/IMG_20210503_134137_327-768x768.jpg 768w, https:\/\/sinspeb.org.br\/wp-content\/uploads\/2021\/05\/IMG_20210503_134137_327.jpg 960w\" sizes=\"(max-width: 300px) 100vw, 300px\" \/><img decoding=\"async\" class=\"alignnone size-medium wp-image-2151\" src=\"http:\/\/sinspeb.org.br\/wp-content\/uploads\/2021\/05\/IMG_20210503_134137_334-300x300.jpg\" alt=\"\" width=\"300\" height=\"300\" srcset=\"https:\/\/sinspeb.org.br\/wp-content\/uploads\/2021\/05\/IMG_20210503_134137_334-300x300.jpg 300w, https:\/\/sinspeb.org.br\/wp-content\/uploads\/2021\/05\/IMG_20210503_134137_334-150x150.jpg 150w, https:\/\/sinspeb.org.br\/wp-content\/uploads\/2021\/05\/IMG_20210503_134137_334-768x768.jpg 768w, https:\/\/sinspeb.org.br\/wp-content\/uploads\/2021\/05\/IMG_20210503_134137_334.jpg 780w\" sizes=\"(max-width: 300px) 100vw, 300px\" \/><img decoding=\"async\" class=\"alignnone size-medium wp-image-2152\" src=\"http:\/\/sinspeb.org.br\/wp-content\/uploads\/2021\/05\/IMG_20210503_134137_439-300x300.jpg\" alt=\"\" width=\"300\" height=\"300\" srcset=\"https:\/\/sinspeb.org.br\/wp-content\/uploads\/2021\/05\/IMG_20210503_134137_439-300x300.jpg 300w, https:\/\/sinspeb.org.br\/wp-content\/uploads\/2021\/05\/IMG_20210503_134137_439-150x150.jpg 150w, https:\/\/sinspeb.org.br\/wp-content\/uploads\/2021\/05\/IMG_20210503_134137_439-768x768.jpg 768w, https:\/\/sinspeb.org.br\/wp-content\/uploads\/2021\/05\/IMG_20210503_134137_439.jpg 960w\" sizes=\"(max-width: 300px) 100vw, 300px\" \/><img loading=\"lazy\" decoding=\"async\" class=\"alignnone size-medium wp-image-2153\" src=\"http:\/\/sinspeb.org.br\/wp-content\/uploads\/2021\/05\/IMG_20210503_134137_465-300x300.jpg\" alt=\"\" width=\"300\" height=\"300\" srcset=\"https:\/\/sinspeb.org.br\/wp-content\/uploads\/2021\/05\/IMG_20210503_134137_465-300x300.jpg 300w, https:\/\/sinspeb.org.br\/wp-content\/uploads\/2021\/05\/IMG_20210503_134137_465-150x150.jpg 150w, https:\/\/sinspeb.org.br\/wp-content\/uploads\/2021\/05\/IMG_20210503_134137_465-768x768.jpg 768w, https:\/\/sinspeb.org.br\/wp-content\/uploads\/2021\/05\/IMG_20210503_134137_465.jpg 960w\" sizes=\"(max-width: 300px) 100vw, 300px\" \/><\/p>\n<p>Com bandeiras empunhadas, os participantes reivindicaram: Vacina para todos, aumento do Aux\u00edlio Emergencial, Emprego, Democracia, o impedimento da Privatiza\u00e7\u00e3o dos Correios, que a PEC 32\/2020 (PEC da Reforma Administrativa), n\u00e3o seja aprovada, dentre outras reivindica\u00e7\u00f5es. Salientamos que, todos os que estavam presentes na concentra\u00e7\u00e3o usaram m\u00e1scaras e \u00e1lcool em gel 70%, seguindo assim todos os protocolos para a preven\u00e7\u00e3o da Covid-19.<\/p>\n<p><img loading=\"lazy\" decoding=\"async\" class=\"alignnone size-medium wp-image-2156\" src=\"http:\/\/sinspeb.org.br\/wp-content\/uploads\/2021\/05\/IMG_20210503_134137_494-300x300.jpg\" alt=\"\" width=\"300\" height=\"300\" srcset=\"https:\/\/sinspeb.org.br\/wp-content\/uploads\/2021\/05\/IMG_20210503_134137_494-300x300.jpg 300w, https:\/\/sinspeb.org.br\/wp-content\/uploads\/2021\/05\/IMG_20210503_134137_494-1024x1024.jpg 1024w, https:\/\/sinspeb.org.br\/wp-content\/uploads\/2021\/05\/IMG_20210503_134137_494-150x150.jpg 150w, https:\/\/sinspeb.org.br\/wp-content\/uploads\/2021\/05\/IMG_20210503_134137_494-768x768.jpg 768w, https:\/\/sinspeb.org.br\/wp-content\/uploads\/2021\/05\/IMG_20210503_134137_494.jpg 1080w\" sizes=\"(max-width: 300px) 100vw, 300px\" \/> <img loading=\"lazy\" decoding=\"async\" class=\"alignnone size-medium wp-image-2155\" src=\"http:\/\/sinspeb.org.br\/wp-content\/uploads\/2021\/05\/IMG_20210503_134137_477-300x300.jpg\" alt=\"\" width=\"300\" height=\"300\" srcset=\"https:\/\/sinspeb.org.br\/wp-content\/uploads\/2021\/05\/IMG_20210503_134137_477-300x300.jpg 300w, https:\/\/sinspeb.org.br\/wp-content\/uploads\/2021\/05\/IMG_20210503_134137_477-150x150.jpg 150w, https:\/\/sinspeb.org.br\/wp-content\/uploads\/2021\/05\/IMG_20210503_134137_477-768x768.jpg 768w, https:\/\/sinspeb.org.br\/wp-content\/uploads\/2021\/05\/IMG_20210503_134137_477.jpg 960w\" sizes=\"(max-width: 300px) 100vw, 300px\" \/><\/p>\n<p>Vale lembrar, que na quinta-feira (29.05.21), ocorreu arrecada\u00e7\u00e3o de alimentos n\u00e3o perec\u00edveis nas Sedes Sindicais e nos bairros, e al\u00e9m disso, na sexta-feira (30.05.21), foi feita uma carreata solid\u00e1ria com sa\u00edda do Vale do Canela at\u00e9 a Sede da Anvisa, localizada no Com\u00e9rcio.<\/p>\n<p>Os Representantes do Sindicato dos Servidores da Pol\u00edcia Penal do Estado da Bahia-SINSPPEB, Reivon Pimentel e Jorge Bastos se fizeram presentes nas mobiliza\u00e7\u00f5es com o intuito de apoiar a luta pela efetiva\u00e7\u00e3o dos direitos dos(as) trabalhadores(as).<\/p>\n<p><img loading=\"lazy\" decoding=\"async\" class=\"alignnone size-medium wp-image-2159\" src=\"http:\/\/sinspeb.org.br\/wp-content\/uploads\/2021\/05\/IMG_20210503_134137_514-300x300.jpg\" alt=\"\" width=\"300\" height=\"300\" srcset=\"https:\/\/sinspeb.org.br\/wp-content\/uploads\/2021\/05\/IMG_20210503_134137_514-300x300.jpg 300w, https:\/\/sinspeb.org.br\/wp-content\/uploads\/2021\/05\/IMG_20210503_134137_514-150x150.jpg 150w, https:\/\/sinspeb.org.br\/wp-content\/uploads\/2021\/05\/IMG_20210503_134137_514-768x768.jpg 768w, https:\/\/sinspeb.org.br\/wp-content\/uploads\/2021\/05\/IMG_20210503_134137_514.jpg 960w\" sizes=\"(max-width: 300px) 100vw, 300px\" \/><img loading=\"lazy\" decoding=\"async\" class=\"alignnone size-medium wp-image-2158\" src=\"http:\/\/sinspeb.org.br\/wp-content\/uploads\/2021\/05\/IMG_20210503_134137_509-300x300.jpg\" alt=\"\" width=\"300\" height=\"300\" srcset=\"https:\/\/sinspeb.org.br\/wp-content\/uploads\/2021\/05\/IMG_20210503_134137_509-300x300.jpg 300w, https:\/\/sinspeb.org.br\/wp-content\/uploads\/2021\/05\/IMG_20210503_134137_509-1024x1024.jpg 1024w, https:\/\/sinspeb.org.br\/wp-content\/uploads\/2021\/05\/IMG_20210503_134137_509-150x150.jpg 150w, https:\/\/sinspeb.org.br\/wp-content\/uploads\/2021\/05\/IMG_20210503_134137_509-768x768.jpg 768w, https:\/\/sinspeb.org.br\/wp-content\/uploads\/2021\/05\/IMG_20210503_134137_509.jpg 1080w\" sizes=\"(max-width: 300px) 100vw, 300px\" \/><img loading=\"lazy\" decoding=\"async\" class=\"alignnone size-medium wp-image-2157\" src=\"http:\/\/sinspeb.org.br\/wp-content\/uploads\/2021\/05\/IMG_20210503_134137_501-300x300.jpg\" alt=\"\" width=\"300\" height=\"300\" srcset=\"https:\/\/sinspeb.org.br\/wp-content\/uploads\/2021\/05\/IMG_20210503_134137_501-300x300.jpg 300w, https:\/\/sinspeb.org.br\/wp-content\/uploads\/2021\/05\/IMG_20210503_134137_501-1024x1024.jpg 1024w, https:\/\/sinspeb.org.br\/wp-content\/uploads\/2021\/05\/IMG_20210503_134137_501-150x150.jpg 150w, https:\/\/sinspeb.org.br\/wp-content\/uploads\/2021\/05\/IMG_20210503_134137_501-768x768.jpg 768w, https:\/\/sinspeb.org.br\/wp-content\/uploads\/2021\/05\/IMG_20210503_134137_501.jpg 1080w\" sizes=\"(max-width: 300px) 100vw, 300px\" \/><\/p>\n<p>GEST\u00c3O UFC \u2013 POR RESPEITO E LABOR DIGNO!<\/p>\n<p>&nbsp;<\/p>\n<p>ASCOM \u2013 SINSPPEB<\/p>\n","protected":false},"excerpt":{"rendered":"<p>O Dia do Trabalhador foi marcado por uma grande mobiliza\u00e7\u00e3o em frente ao Shopping da Bahia (antigo Shopping Iguatemi). As<\/p>\n","protected":false},"author":3,"featured_media":2149,"comment_status":"open","ping_status":"open","sticky":false,"template":"","format":"standard","meta":{"colormag_page_container_layout":"default_layout","colormag_page_sidebar_layout":"default_layout","footnotes":""},"categories":[2,45,1],"tags":[],"class_list":["post-2148","post","type-post","status-publish","format-standard","has-post-thumbnail","hentry","category-eventos","category-importante","category-noticias"],"_links":{"self":[{"href":"https:\/\/sinspeb.org.br\/index.php?rest_route=\/wp\/v2\/posts\/2148","targetHints":{"allow":["GET"]}}],"collection":[{"href":"https:\/\/sinspeb.org.br\/index.php?rest_route=\/wp\/v2\/posts"}],"about":[{"href":"https:\/\/sinspeb.org.br\/index.php?rest_route=\/wp\/v2\/types\/post"}],"author":[{"embeddable":true,"href":"https:\/\/sinspeb.org.br\/index.php?rest_route=\/wp\/v2\/users\/3"}],"replies":[{"embeddable":true,"href":"https:\/\/sinspeb.org.br\/index.php?rest_route=%2Fwp%2Fv2%2Fcomments&post=2148"}],"version-history":[{"count":1,"href":"https:\/\/sinspeb.org.br\/index.php?rest_route=\/wp\/v2\/posts\/2148\/revisions"}],"predecessor-version":[{"id":2160,"href":"https:\/\/sinspeb.org.br\/index.php?rest_route=\/wp\/v2\/posts\/2148\/revisions\/2160"}],"wp:featuredmedia":[{"embeddable":true,"href":"https:\/\/sinspeb.org.br\/index.php?rest_route=\/wp\/v2\/media\/2149"}],"wp:attachment":[{"href":"https:\/\/sinspeb.org.br\/index.php?rest_route=%2Fwp%2Fv2%2Fmedia&parent=2148"}],"wp:term":[{"taxonomy":"category","embeddable":true,"href":"https:\/\/sinspeb.org.br\/index.php?rest_route=%2Fwp%2Fv2%2Fcategories&post=2148"},{"taxonomy":"post_tag","embeddable":true,"href":"https:\/\/sinspeb.org.br\/index.php?rest_route=%2Fwp%2Fv2%2Ftags&post=2148"}],"curies":[{"name":"wp","href":"https:\/\/api.w.org\/{rel}","templated":true}]}}