{"id":2161,"date":"2021-05-03T20:21:18","date_gmt":"2021-05-03T23:21:18","guid":{"rendered":"http:\/\/sinspeb.org.br\/?p=2161"},"modified":"2021-05-03T20:21:18","modified_gmt":"2021-05-03T23:21:18","slug":"nota-de-pesar-13","status":"publish","type":"post","link":"https:\/\/sinspeb.org.br\/?p=2161","title":{"rendered":"NOTA DE PESAR"},"content":{"rendered":"<p>\u00c9 com extremo pesar que o Sindicato dos Servidores da Pol\u00edcia Penal do Estado da Bahia-SINSPPEB, informa sobre o falecimento da Senhora Francisca das Virgens Teles, M\u00e3e do colega Edson das Virgens, Policial Penal Aposentado.<\/p>\n<p>Toda perda \u00e9 triste, d\u00f3i, machuca e deixa cicatriz! A perda de uma m\u00e3e \u00e9 um momento terr\u00edvel e infelizmente n\u00e3o existe nada que possa ser feito ou dito para minimizar t\u00e3o grande dor. Mas, sabemos que a m\u00e3e do colega, hoje descansa nos bra\u00e7os do nosso Pai e Eterno Deus!<\/p>\n<p>Por isso, muito respeitosamente prestamos as nossas condol\u00eancias e deixamos nossos mais sinceros p\u00easames.<\/p>\n<p>Local do Vel\u00f3rio e Sepultamento:<\/p>\n<p>\u27a1\ufe0f Pax Bahia, no bairro SIM em Feira de Santana.<\/p>\n<p>\ud83d\uddd3\ufe0f Data: 04.05.21(amanh\u00e3).<\/p>\n<p>\u23f0Hor\u00e1rio: 10h30min.<\/p>\n<p>&nbsp;<\/p>\n<p>ASCOM-SINSPPEB<\/p>\n","protected":false},"excerpt":{"rendered":"<p>\u00c9 com extremo pesar que o Sindicato dos Servidores da Pol\u00edcia Penal do Estado da Bahia-SINSPPEB, informa sobre o falecimento<\/p>\n","protected":false},"author":3,"featured_media":1983,"comment_status":"open","ping_status":"open","sticky":false,"template":"","format":"standard","meta":{"colormag_page_container_layout":"default_layout","colormag_page_sidebar_layout":"default_layout","footnotes":""},"categories":[45,1],"tags":[],"class_list":["post-2161","post","type-post","status-publish","format-standard","has-post-thumbnail","hentry","category-importante","category-noticias"],"_links":{"self":[{"href":"https:\/\/sinspeb.org.br\/index.php?rest_route=\/wp\/v2\/posts\/2161","targetHints":{"allow":["GET"]}}],"collection":[{"href":"https:\/\/sinspeb.org.br\/index.php?rest_route=\/wp\/v2\/posts"}],"about":[{"href":"https:\/\/sinspeb.org.br\/index.php?rest_route=\/wp\/v2\/types\/post"}],"author":[{"embeddable":true,"href":"https:\/\/sinspeb.org.br\/index.php?rest_route=\/wp\/v2\/users\/3"}],"replies":[{"embeddable":true,"href":"https:\/\/sinspeb.org.br\/index.php?rest_route=%2Fwp%2Fv2%2Fcomments&post=2161"}],"version-history":[{"count":1,"href":"https:\/\/sinspeb.org.br\/index.php?rest_route=\/wp\/v2\/posts\/2161\/revisions"}],"predecessor-version":[{"id":2162,"href":"https:\/\/sinspeb.org.br\/index.php?rest_route=\/wp\/v2\/posts\/2161\/revisions\/2162"}],"wp:featuredmedia":[{"embeddable":true,"href":"https:\/\/sinspeb.org.br\/index.php?rest_route=\/wp\/v2\/media\/1983"}],"wp:attachment":[{"href":"https:\/\/sinspeb.org.br\/index.php?rest_route=%2Fwp%2Fv2%2Fmedia&parent=2161"}],"wp:term":[{"taxonomy":"category","embeddable":true,"href":"https:\/\/sinspeb.org.br\/index.php?rest_route=%2Fwp%2Fv2%2Fcategories&post=2161"},{"taxonomy":"post_tag","embeddable":true,"href":"https:\/\/sinspeb.org.br\/index.php?rest_route=%2Fwp%2Fv2%2Ftags&post=2161"}],"curies":[{"name":"wp","href":"https:\/\/api.w.org\/{rel}","templated":true}]}}