{"id":2170,"date":"2021-05-06T18:25:38","date_gmt":"2021-05-06T21:25:38","guid":{"rendered":"http:\/\/sinspeb.org.br\/?p=2170"},"modified":"2021-05-06T18:25:38","modified_gmt":"2021-05-06T21:25:38","slug":"nota-de-esclarecimento","status":"publish","type":"post","link":"https:\/\/sinspeb.org.br\/?p=2170","title":{"rendered":"NOTA DE ESCLARECIMENTO"},"content":{"rendered":"<p><strong>NOTA DE ESCLARECIMENTO<\/strong><\/p>\n<p>&nbsp;<\/p>\n<p>O Sindicato dos Servidores da Pol\u00edcia Penal do Estado da Bahia &#8211; SINSPPEB, vem a p\u00fablico esclarecer as informa\u00e7\u00f5es veiculadas na imprensa e compartilhadas em redes sociais, sobre as pessoas presas em flagrante pelos crimes de associa\u00e7\u00e3o criminosa, tentativa de sequestro, falsa identidade e porte ilegal de arma de fogo, inicialmente identificados como Policiais Penais, na zona rural de Cruz das Almas, s\u00e3o na verdade ex-funcion\u00e1rios terceirizados do Sistema Prisional e Socioeducativo que operacionaliza algumas unidades prisionais nos moldes de Cogest\u00e3o.<\/p>\n<p>Ressaltamos que os envolvidos nesta noticia crime eram funcion\u00e1rios contratados de empresas terceirizadas, sem nenhum v\u00ednculo funcional com o Estado, n\u00e3o s\u00e3o Servidores P\u00fablicos e que o uso indevido da identifica\u00e7\u00e3o de Policial Penal \u00e9 crime de falsidade ideol\u00f3gica e a atividade ilegal \u00e9 usurpa\u00e7\u00e3o de Fun\u00e7\u00e3o P\u00fablica e cabe \u00e0 autoridade policial tomar as provid\u00eancias cab\u00edveis no caso.<\/p>\n<p>Comunicamos tamb\u00e9m que o SINSPPEB vem denunciando a terceiriza\u00e7\u00e3o ilegal da fun\u00e7\u00e3o dos Policiais Penais pelo governo do Estado da Bahia, originando diversas a\u00e7\u00f5es judiciais, inclusive com concess\u00e3o de liminar expedida pela Ju\u00edza Dorot\u00e9ia Silva Azevedo Mota, da 5\u00aa Vara do Trabalho de Salvador, a qual pro\u00edbe o governo do Estado da Bahia de contratar trabalhadores terceirizados para exercerem as fun\u00e7\u00f5es de Policiais Penais, por entender que h\u00e1 flagrante ilegalidade nesta modalidade de contrata\u00e7\u00e3o.<\/p>\n<p>O SINSPPEB entende que a terceiriza\u00e7\u00e3o da atividade fim no Sistema Prisional \u00e9 inconstitucional, que o Estado n\u00e3o pode delegar a terceiros a sua atividade t\u00edpica e o poder de pol\u00edcia estatal, e por esse motivo lutar\u00e1 at\u00e9 as \u00faltimas inst\u00e2ncias para barrar esta pr\u00e1tica que al\u00e9m de ser ilegal \u00e9 imoral.<\/p>\n<p>A aprova\u00e7\u00e3o da Proposta de Emenda \u00e0 Constitui\u00e7\u00e3o &#8211; PEC n\u00ba 160\/2020, que institui a Pol\u00edcia Penal do Estado da Bahia, em curso na Assembleia Legislativa da Bahia e posterior regulamenta\u00e7\u00e3o da institui\u00e7\u00e3o, dentre outros, ato formal disciplinador do uso do logotipo oficial atrav\u00e9s da identifica\u00e7\u00e3o e difus\u00e3o da imagem que s\u00e3o elementos fundamentais \u00e0 consolida\u00e7\u00e3o da credibilidade e do prest\u00edgio de qualquer institui\u00e7\u00e3o s\u00e3o pautas de reivindica\u00e7\u00f5es do SINSPPEB.<\/p>\n<p>Na oportunidade, requeremos aos \u00f3rg\u00e3os de imprensa que coloque nota p\u00fablica retificando a informa\u00e7\u00e3o veiculada anteriormente, pois este tipo de not\u00edcia associando a categoria dos Policiais Penais a supostos criminosos macula a imagem dos Servidores da Pol\u00edcia Penal da Bahia, profissionais respons\u00e1veis, honrados e cumpridores dos seus deveres.<\/p>\n<p>&nbsp;<\/p>\n<p>Salvador, 06 de maio de 2021<br \/>\n<strong>Ascom \u2013SINSPPEB<\/strong><\/p>\n","protected":false},"excerpt":{"rendered":"<p>NOTA DE ESCLARECIMENTO &nbsp; O Sindicato dos Servidores da Pol\u00edcia Penal do Estado da Bahia &#8211; SINSPPEB, vem a p\u00fablico<\/p>\n","protected":false},"author":3,"featured_media":2171,"comment_status":"open","ping_status":"open","sticky":false,"template":"","format":"standard","meta":{"colormag_page_container_layout":"default_layout","colormag_page_sidebar_layout":"default_layout","footnotes":""},"categories":[45,1],"tags":[],"class_list":["post-2170","post","type-post","status-publish","format-standard","has-post-thumbnail","hentry","category-importante","category-noticias"],"_links":{"self":[{"href":"https:\/\/sinspeb.org.br\/index.php?rest_route=\/wp\/v2\/posts\/2170","targetHints":{"allow":["GET"]}}],"collection":[{"href":"https:\/\/sinspeb.org.br\/index.php?rest_route=\/wp\/v2\/posts"}],"about":[{"href":"https:\/\/sinspeb.org.br\/index.php?rest_route=\/wp\/v2\/types\/post"}],"author":[{"embeddable":true,"href":"https:\/\/sinspeb.org.br\/index.php?rest_route=\/wp\/v2\/users\/3"}],"replies":[{"embeddable":true,"href":"https:\/\/sinspeb.org.br\/index.php?rest_route=%2Fwp%2Fv2%2Fcomments&post=2170"}],"version-history":[{"count":1,"href":"https:\/\/sinspeb.org.br\/index.php?rest_route=\/wp\/v2\/posts\/2170\/revisions"}],"predecessor-version":[{"id":2172,"href":"https:\/\/sinspeb.org.br\/index.php?rest_route=\/wp\/v2\/posts\/2170\/revisions\/2172"}],"wp:featuredmedia":[{"embeddable":true,"href":"https:\/\/sinspeb.org.br\/index.php?rest_route=\/wp\/v2\/media\/2171"}],"wp:attachment":[{"href":"https:\/\/sinspeb.org.br\/index.php?rest_route=%2Fwp%2Fv2%2Fmedia&parent=2170"}],"wp:term":[{"taxonomy":"category","embeddable":true,"href":"https:\/\/sinspeb.org.br\/index.php?rest_route=%2Fwp%2Fv2%2Fcategories&post=2170"},{"taxonomy":"post_tag","embeddable":true,"href":"https:\/\/sinspeb.org.br\/index.php?rest_route=%2Fwp%2Fv2%2Ftags&post=2170"}],"curies":[{"name":"wp","href":"https:\/\/api.w.org\/{rel}","templated":true}]}}