{"id":2174,"date":"2021-05-08T20:37:53","date_gmt":"2021-05-08T23:37:53","guid":{"rendered":"http:\/\/sinspeb.org.br\/?p=2174"},"modified":"2021-05-08T20:37:53","modified_gmt":"2021-05-08T23:37:53","slug":"coordenador-do-interior-do-sinsppeb-solicita-apoio-do-secretario-de-governo-de-jequie-para-aprovacao-da-pec-da-policia-penal","status":"publish","type":"post","link":"https:\/\/sinspeb.org.br\/?p=2174","title":{"rendered":"COORDENADOR DO INTERIOR DO SINSPPEB SOLICITA APOIO DO SECRET\u00c1RIO DE GOVERNO DE JEQUI\u00c9 PARA APROVA\u00c7\u00c3O DA PEC DA POL\u00cdCIA PENAL"},"content":{"rendered":"<p>Na manh\u00e3 de hoje (08.05.21), o Coordenador do Interior do Sindicato dos Servidores da Pol\u00edcia Penal do Estado da Bahia-SINSPPEB, Jos\u00e9 Ramalho, acompanhado por outros Policiais Penais lotados no Conjunto Penal de Jequi\u00e9-CPJ, se reuniram com o Secret\u00e1rio de Governo da Prefeitura de Jequi\u00e9, Senhor Hassan Andrade Iossef (PP), para solicitar que ele pe\u00e7a o apoio do Vice-Governador, Jo\u00e3o Le\u00e3o (PP), para a aprova\u00e7ao da Proposta de Emenda \u00e0 Constitui\u00e7\u00e3o n\u00b0 160\/2020 (PEC da Pol\u00edcia Penal).<\/p>\n<p>Salientamos que, o Senhor Hassan durante a reuni\u00e3o afirmou que vai se empenhar nessa tarefa e aproveitar\u00e1 tamb\u00e9m que o Governador Rui Costa (PT), estar\u00e1 na Cidade de Jequi\u00e9 na pr\u00f3xima segunda-feira (10.05.21), para facilitar um encontro entre os Servidores da Pol\u00edcia Penal e o Governador em prol da PEC n\u00b0160\/2020.<\/p>\n<p>Na oportunidade, os Policiais Penais do CPJ, sentindo-se prejudicados com a suspens\u00e3o abrupta das permutas, requisitaram ao Secret\u00e1rio de Governo de Jequi\u00e9 a intermedia\u00e7\u00e3o do mesmo para a manuten\u00e7\u00e3o do direito \u00e0s permutas, ressaltando que a Secretaria de Administra\u00e7\u00e3o Penitenci\u00e1ria e Ressocializa\u00e7\u00e3o do Estado da Bahia-SEAP\/BA, foi a \u00fanica que adotou o parecer n\u00b0 001470\/2017 da<br \/>\nProcuradoria Geral do Estado-PGE e suspendeu as referidas permutas. Diante desta reivindica\u00e7\u00e3o por parte dos Servidores, o Senhor Hassan disse que dialogar\u00e1 com o Vice-Governador para resolver esta quest\u00e3o.<\/p>\n<p>Lembramos ainda que, quem conseguiu essa reuni\u00e3o entre os Servidores e o Secret\u00e1rio de Governo foi o ex-vereador de Jequi\u00e9 Chico de Alfredo, que tamb\u00e9m \u00e9 Policial Penal.<\/p>\n<p>GEST\u00c3O UFC &#8211; APROVA\u00c7\u00c3O DA POL\u00cdCIA PENAL J\u00c1!<\/p>\n<p>&nbsp;<\/p>\n<p>ASCOM -SINSPPEB<\/p>\n","protected":false},"excerpt":{"rendered":"<p>Na manh\u00e3 de hoje (08.05.21), o Coordenador do Interior do Sindicato dos Servidores da Pol\u00edcia Penal do Estado da Bahia-SINSPPEB,<\/p>\n","protected":false},"author":3,"featured_media":1567,"comment_status":"open","ping_status":"open","sticky":false,"template":"","format":"standard","meta":{"colormag_page_container_layout":"default_layout","colormag_page_sidebar_layout":"default_layout","footnotes":""},"categories":[45,1],"tags":[],"class_list":["post-2174","post","type-post","status-publish","format-standard","has-post-thumbnail","hentry","category-importante","category-noticias"],"_links":{"self":[{"href":"https:\/\/sinspeb.org.br\/index.php?rest_route=\/wp\/v2\/posts\/2174","targetHints":{"allow":["GET"]}}],"collection":[{"href":"https:\/\/sinspeb.org.br\/index.php?rest_route=\/wp\/v2\/posts"}],"about":[{"href":"https:\/\/sinspeb.org.br\/index.php?rest_route=\/wp\/v2\/types\/post"}],"author":[{"embeddable":true,"href":"https:\/\/sinspeb.org.br\/index.php?rest_route=\/wp\/v2\/users\/3"}],"replies":[{"embeddable":true,"href":"https:\/\/sinspeb.org.br\/index.php?rest_route=%2Fwp%2Fv2%2Fcomments&post=2174"}],"version-history":[{"count":3,"href":"https:\/\/sinspeb.org.br\/index.php?rest_route=\/wp\/v2\/posts\/2174\/revisions"}],"predecessor-version":[{"id":2177,"href":"https:\/\/sinspeb.org.br\/index.php?rest_route=\/wp\/v2\/posts\/2174\/revisions\/2177"}],"wp:featuredmedia":[{"embeddable":true,"href":"https:\/\/sinspeb.org.br\/index.php?rest_route=\/wp\/v2\/media\/1567"}],"wp:attachment":[{"href":"https:\/\/sinspeb.org.br\/index.php?rest_route=%2Fwp%2Fv2%2Fmedia&parent=2174"}],"wp:term":[{"taxonomy":"category","embeddable":true,"href":"https:\/\/sinspeb.org.br\/index.php?rest_route=%2Fwp%2Fv2%2Fcategories&post=2174"},{"taxonomy":"post_tag","embeddable":true,"href":"https:\/\/sinspeb.org.br\/index.php?rest_route=%2Fwp%2Fv2%2Ftags&post=2174"}],"curies":[{"name":"wp","href":"https:\/\/api.w.org\/{rel}","templated":true}]}}