{"id":220,"date":"2019-02-12T17:05:33","date_gmt":"2019-02-12T19:05:33","guid":{"rendered":"http:\/\/sinspeb.org.br\/?p=220"},"modified":"2019-02-14T22:08:13","modified_gmt":"2019-02-15T00:08:13","slug":"luta-do-sinspeb-garante-criacao-de-comissao-para-regulamentacao-da-gid-para-os-servidores-do-grupo-ocupacional-saude","status":"publish","type":"post","link":"https:\/\/sinspeb.org.br\/?p=220","title":{"rendered":"Luta do SINSPEB garante cria\u00e7\u00e3o de Comiss\u00e3o para regulamenta\u00e7\u00e3o da GID para os Servidores do grupo ocupacional sa\u00fade"},"content":{"rendered":"<p>Diante das lutas e negocia\u00e7\u00f5es feitas pelo Sindicato dos Servidores Penitenci\u00e1rios do Estado da Bahia (SINSPEB), foi publicado no Di\u00e1rio Oficial do Estado (DOE), da \u00faltima sexta-feira (08\\02), a implanta\u00e7\u00e3o da Comiss\u00e3o para regulamenta\u00e7\u00e3o da Gratifica\u00e7\u00e3o de Incentivo ao Desempenho (GID), para os Servidores Penitenci\u00e1rios do grupo ocupacional sa\u00fade. A Coordenadora de Sa\u00fade do Trabalho do SINSPEB, Elza Kristina de Melo, \u00e9 a presidente da comiss\u00e3o.<\/p>\n<p>Os representantes do SINSPEB participaram de v\u00e1rias reuni\u00f5es, onde reivindicaram melhorias e mudan\u00e7as para essa categoria. Durante os encontros, foram feitos v\u00e1rios questionamentos sobre os processos de promo\u00e7\u00e3o e progress\u00e3o. Tamb\u00e9m foram discutidas a\u00e7\u00f5es a serem realizadas para reverter a atual situa\u00e7\u00e3o, buscar a valoriza\u00e7\u00e3o dos Servidores e avan\u00e7os do plano de carreira.<\/p>\n<p>Em uma das reuni\u00f5es em rela\u00e7\u00e3o a promo\u00e7\u00e3o e progress\u00e3o deste grupo, o entendimento do superintendente foi de que havia a necessidade de publica\u00e7\u00e3o de comiss\u00e3o de avalia\u00e7\u00e3o.<\/p>\n<p>A luta pela valoriza\u00e7\u00e3o dos servidores do grupo ocupacional sa\u00fade \u00e9 antiga e permanente da entidade. As demandas dos Auxiliares Administrativos tamb\u00e9m est\u00e3o sendo cobradas ao secret\u00e1rio, que por sua vez, delegou ao chefe de gabinete e diretor geral para que estes fa\u00e7am a intermedia\u00e7\u00e3o com o Superintendente da Secretaria da Administra\u00e7\u00e3o do Estado (SAEB), Adriano Tambone.<\/p>\n<p>O SINSPEB luta em defesa dos Servidores Penitenci\u00e1rios, independente da \u00e1rea ou fun\u00e7\u00e3o desenvolvida.<\/p>\n<p>Ascom &#8211; SINSPEB<\/p>\n","protected":false},"excerpt":{"rendered":"<p>Diante das lutas e negocia\u00e7\u00f5es feitas pelo Sindicato dos Servidores Penitenci\u00e1rios do Estado da Bahia (SINSPEB), foi publicado no Di\u00e1rio<\/p>\n","protected":false},"author":1,"featured_media":221,"comment_status":"open","ping_status":"open","sticky":false,"template":"","format":"standard","meta":{"colormag_page_container_layout":"default_layout","colormag_page_sidebar_layout":"default_layout","footnotes":""},"categories":[1],"tags":[],"class_list":["post-220","post","type-post","status-publish","format-standard","has-post-thumbnail","hentry","category-noticias"],"_links":{"self":[{"href":"https:\/\/sinspeb.org.br\/index.php?rest_route=\/wp\/v2\/posts\/220","targetHints":{"allow":["GET"]}}],"collection":[{"href":"https:\/\/sinspeb.org.br\/index.php?rest_route=\/wp\/v2\/posts"}],"about":[{"href":"https:\/\/sinspeb.org.br\/index.php?rest_route=\/wp\/v2\/types\/post"}],"author":[{"embeddable":true,"href":"https:\/\/sinspeb.org.br\/index.php?rest_route=\/wp\/v2\/users\/1"}],"replies":[{"embeddable":true,"href":"https:\/\/sinspeb.org.br\/index.php?rest_route=%2Fwp%2Fv2%2Fcomments&post=220"}],"version-history":[{"count":2,"href":"https:\/\/sinspeb.org.br\/index.php?rest_route=\/wp\/v2\/posts\/220\/revisions"}],"predecessor-version":[{"id":223,"href":"https:\/\/sinspeb.org.br\/index.php?rest_route=\/wp\/v2\/posts\/220\/revisions\/223"}],"wp:featuredmedia":[{"embeddable":true,"href":"https:\/\/sinspeb.org.br\/index.php?rest_route=\/wp\/v2\/media\/221"}],"wp:attachment":[{"href":"https:\/\/sinspeb.org.br\/index.php?rest_route=%2Fwp%2Fv2%2Fmedia&parent=220"}],"wp:term":[{"taxonomy":"category","embeddable":true,"href":"https:\/\/sinspeb.org.br\/index.php?rest_route=%2Fwp%2Fv2%2Fcategories&post=220"},{"taxonomy":"post_tag","embeddable":true,"href":"https:\/\/sinspeb.org.br\/index.php?rest_route=%2Fwp%2Fv2%2Ftags&post=220"}],"curies":[{"name":"wp","href":"https:\/\/api.w.org\/{rel}","templated":true}]}}