{"id":2216,"date":"2021-05-19T14:56:45","date_gmt":"2021-05-19T17:56:45","guid":{"rendered":"http:\/\/sinspeb.org.br\/?p=2216"},"modified":"2021-05-19T14:56:45","modified_gmt":"2021-05-19T17:56:45","slug":"sinsppeb-cobra-abertura-de-concurso-publico-para-policiais-penais","status":"publish","type":"post","link":"https:\/\/sinspeb.org.br\/?p=2216","title":{"rendered":"SINSPPEB cobra abertura de concurso p\u00fablico para Policiais Penais"},"content":{"rendered":"<p><strong>SINSPPEB cobra abertura de concurso p\u00fablico para Policiais Penais<\/strong><\/p>\n<p>O Sindicato dos Servidores da Pol\u00edcia Penal do Estado da Bahia (SINSPPEB), por interm\u00e9dio do Presidente Reivon Pimentel, comunica que protocolou of\u00edcio de n\u00ba 113, no dia 13 de maio de 2021, na Secretaria de Administra\u00e7\u00e3o Penitenci\u00e1ria e Ressocializa\u00e7\u00e3o &#8211; SEAP, aos cuidados do Secret\u00e1rio Nestor Duarte, pleiteando abertura de concurso p\u00fablico.<\/p>\n<p>O Of\u00edcio n\u00ba 113\/2021 exp\u00f5e a escassez de Policiais Penais nas unidades prisionais baiana, os impactos gerados pelo d\u00e9ficit e a necessidade da abertura de concurso p\u00fablico, principalmente devido a alta demanda de pedidos de aposentadoria.<\/p>\n<p>A SEAP n\u00e3o realiza concurso p\u00fablico para a categoria de Agente Penitenci\u00e1rio, atual Policial Penal, h\u00e1 cerca de sete anos e conforme Nota T\u00e9cnica, elaborada pelo Diretor Geral da SEAP &#8211; Tarc\u00edsio Malaquias , acostada nos autos da A\u00e7\u00e3o Civil P\u00fablica que tramita na 5\u00aa Vara da Justi\u00e7a do Trabalho, existe uma vac\u00e2ncia de 365 (trezentos e sessenta e cinco) vagas na carreira inicial de Agente Penitenci\u00e1rio.<\/p>\n<p>O aumento no d\u00e9ficit de serventu\u00e1rios da categoria tende a se agravar com o aumento das solicita\u00e7\u00f5es de aposentadoria pelos Policiais Penais que j\u00e1 preencheram os requisitos exigidos pela Emenda Constitucional do Estado da Bahia &#8211; EC 26\/2020, conforme levantamento realizado e apensado em of\u00edcio.<\/p>\n<p><strong>SINSPPEB, sindicato atuante e combativo.<\/strong><\/p>\n<p><strong>\u25aa\ufe0f \u00daltimo concurso<\/strong><\/p>\n<p>O \u00faltimo concurso da SEAP foi realizado em 2014, com 490 vagas para o cargo de Agente Penitenci\u00e1rio, ambos sexos, na classe inicial, distribu\u00eddas para as regi\u00f5es de Salvador e RMS, Feira de Santana, Jequi\u00e9, Paulo Afonso, Ilh\u00e9us, Vit\u00f3ria da Conquista, Teixeira de Freitas.<\/p>\n<p>A sele\u00e7\u00e3o foi organizada pela banca Instituto Brasileiro de Forma\u00e7\u00e3o e Capacita\u00e7\u00e3o (IBFC) e foi composto por Prova Objetiva e Discursiva, Entrega de Documentos, realiza\u00e7\u00e3o de Avalia\u00e7\u00e3o Psicol\u00f3gica, Exame M\u00e9dico, Teste de Aptid\u00e3o F\u00edsica,<br \/>\nInvestiga\u00e7\u00e3o Social e Curso de Forma\u00e7\u00e3o Inicial.<\/p>\n<p>SSA, 19 de maio de 2021.<br \/>\n<strong>Ascom &#8211; SINSPPEB<\/strong><\/p>\n<p><strong><img fetchpriority=\"high\" decoding=\"async\" class=\"size-medium wp-image-2217 aligncenter\" src=\"http:\/\/sinspeb.org.br\/wp-content\/uploads\/2021\/05\/IMG_20210519_144404_820-240x300.jpg\" alt=\"\" width=\"240\" height=\"300\" srcset=\"https:\/\/sinspeb.org.br\/wp-content\/uploads\/2021\/05\/IMG_20210519_144404_820-240x300.jpg 240w, https:\/\/sinspeb.org.br\/wp-content\/uploads\/2021\/05\/IMG_20210519_144404_820-819x1024.jpg 819w, https:\/\/sinspeb.org.br\/wp-content\/uploads\/2021\/05\/IMG_20210519_144404_820-768x960.jpg 768w, https:\/\/sinspeb.org.br\/wp-content\/uploads\/2021\/05\/IMG_20210519_144404_820.jpg 1080w\" sizes=\"(max-width: 240px) 100vw, 240px\" \/><\/strong><\/p>\n<p style=\"text-align: center;\"><strong> <img decoding=\"async\" class=\"alignnone size-medium wp-image-2218\" src=\"http:\/\/sinspeb.org.br\/wp-content\/uploads\/2021\/05\/IMG_20210519_144404_834-240x300.jpg\" alt=\"\" width=\"240\" height=\"300\" srcset=\"https:\/\/sinspeb.org.br\/wp-content\/uploads\/2021\/05\/IMG_20210519_144404_834-240x300.jpg 240w, https:\/\/sinspeb.org.br\/wp-content\/uploads\/2021\/05\/IMG_20210519_144404_834-819x1024.jpg 819w, https:\/\/sinspeb.org.br\/wp-content\/uploads\/2021\/05\/IMG_20210519_144404_834-768x960.jpg 768w, https:\/\/sinspeb.org.br\/wp-content\/uploads\/2021\/05\/IMG_20210519_144404_834.jpg 1080w\" sizes=\"(max-width: 240px) 100vw, 240px\" \/><\/strong><\/p>\n<p><strong>\u00a0<\/strong><\/p>\n","protected":false},"excerpt":{"rendered":"<p>SINSPPEB cobra abertura de concurso p\u00fablico para Policiais Penais O Sindicato dos Servidores da Pol\u00edcia Penal do Estado da Bahia<\/p>\n","protected":false},"author":3,"featured_media":2217,"comment_status":"open","ping_status":"open","sticky":false,"template":"","format":"standard","meta":{"colormag_page_container_layout":"default_layout","colormag_page_sidebar_layout":"default_layout","footnotes":""},"categories":[45,1],"tags":[],"class_list":["post-2216","post","type-post","status-publish","format-standard","has-post-thumbnail","hentry","category-importante","category-noticias"],"_links":{"self":[{"href":"https:\/\/sinspeb.org.br\/index.php?rest_route=\/wp\/v2\/posts\/2216","targetHints":{"allow":["GET"]}}],"collection":[{"href":"https:\/\/sinspeb.org.br\/index.php?rest_route=\/wp\/v2\/posts"}],"about":[{"href":"https:\/\/sinspeb.org.br\/index.php?rest_route=\/wp\/v2\/types\/post"}],"author":[{"embeddable":true,"href":"https:\/\/sinspeb.org.br\/index.php?rest_route=\/wp\/v2\/users\/3"}],"replies":[{"embeddable":true,"href":"https:\/\/sinspeb.org.br\/index.php?rest_route=%2Fwp%2Fv2%2Fcomments&post=2216"}],"version-history":[{"count":1,"href":"https:\/\/sinspeb.org.br\/index.php?rest_route=\/wp\/v2\/posts\/2216\/revisions"}],"predecessor-version":[{"id":2219,"href":"https:\/\/sinspeb.org.br\/index.php?rest_route=\/wp\/v2\/posts\/2216\/revisions\/2219"}],"wp:featuredmedia":[{"embeddable":true,"href":"https:\/\/sinspeb.org.br\/index.php?rest_route=\/wp\/v2\/media\/2217"}],"wp:attachment":[{"href":"https:\/\/sinspeb.org.br\/index.php?rest_route=%2Fwp%2Fv2%2Fmedia&parent=2216"}],"wp:term":[{"taxonomy":"category","embeddable":true,"href":"https:\/\/sinspeb.org.br\/index.php?rest_route=%2Fwp%2Fv2%2Fcategories&post=2216"},{"taxonomy":"post_tag","embeddable":true,"href":"https:\/\/sinspeb.org.br\/index.php?rest_route=%2Fwp%2Fv2%2Ftags&post=2216"}],"curies":[{"name":"wp","href":"https:\/\/api.w.org\/{rel}","templated":true}]}}