{"id":2220,"date":"2021-05-21T18:25:58","date_gmt":"2021-05-21T21:25:58","guid":{"rendered":"http:\/\/sinspeb.org.br\/?p=2220"},"modified":"2021-05-21T19:17:30","modified_gmt":"2021-05-21T22:17:30","slug":"presidente-do-sinsppeb-se-reune-com-representantes-da-pf-prf-pc-e-com-a-deputada-lidice-da-mata-para-tratar-a-respeito-das-pecs-da-policia-penal-e-da-reforma-administrativa-como-tambem-da-ref","status":"publish","type":"post","link":"https:\/\/sinspeb.org.br\/?p=2220","title":{"rendered":"PRESIDENTE DO SINSPPEB SE RE\u00daNE COM REPRESENTANTES DA PF, PRF, PC E COM A DEPUTADA L\u00cdDICE DA MATA PARA TRATAR A RESPEITO DAS PEC\u00b4S DA POL\u00cdCIA PENAL E DA REFORMA ADMINISTRATIVA, COMO TAMB\u00c9M DA REFORMA DO CPP"},"content":{"rendered":"<p>Na tarde de ontem (20.05.21), o Presidente do Sindicato dos Servidores da Pol\u00edcia Penal do Estado da Bahia-SINSPPEB, Reivon Pimentel, se reuniu com Jos\u00e9 M\u00e1rio Lima (Presidente do Sindicato dos Policiais Federais), com F\u00e1bio Serravalle (Presidente do Sindicato dos Policiais Rodovi\u00e1rios Federais), com Eust\u00e1cio Lopes (Presidente do Sindicato dos Policiais Civis) e com a Deputada Federal L\u00eddice da Mata (PSB), que estava acompanhada do seu assessor Alisson, para tratar a respeito das Propostas de Emendas \u00e0 Constitui\u00e7\u00e3o n\u00ba 32\/2020 (Reforma Administrativa) e a n\u00ba 160\/2020 (Pol\u00edcia Penal), como tamb\u00e9m da Reforma do C\u00f3digo de Processo Penal-CPP.<\/p>\n<p>A Sra. L\u00eddice da Mata informou que est\u00e1 empenhada em barrar a PEC 32\/2020, mas para isso ser\u00e1 preciso um enfrentamento de toda a classe trabalhadora, pois esta necessita ir \u00e0s ruas e impedir a aprova\u00e7\u00e3o dessa referida PEC que est\u00e1 sendo conduzida velozmente, sem que haja uma discuss\u00e3o ampla com os trabalhadores e a sociedade, onde estes dois ser\u00e3o altamente prejudicados.<\/p>\n<p>J\u00e1 em rela\u00e7\u00e3o ao Projeto de Lei que visa alterar o CPP, a Deputada disse que este citado C\u00f3digo carece ser reformado, contanto que tenha um debate mais vasto para que esta reforma n\u00e3o se restrinja ao corporativismo de alguns grupos interessados em manter o status quo (o estado das coisas).<\/p>\n<p>No que diz respeito \u00e0 PEC da Pol\u00edcia Penal, a Parlamentar falou que da mesma forma como ela fez no Senado Federal e na C\u00e2mara dos Deputados, apoiando naquela \u00e9poca a PEC n\u00ba 14\/2016 de autoria do Ex-Senador C\u00e1ssio Cunha Lima, e al\u00e9m disso, atuou com uma voz bastante ativa e defensora da PEC 372\/2017, aqui na Bahia n\u00e3o ser\u00e1 diferente, pois ela ir\u00e1 conversar com a base do Partido Socialista Brasileiro para que esta apoie e d\u00ea celeridade \u00e0 tramita\u00e7\u00e3o da PEC n\u00ba 160\/2020.<\/p>\n<p>Aproveitando a oportunidade de j\u00e1 estar no gabinete do Deputado Angelo Almeida, que tamb\u00e9m \u00e9 do PSB, por\u00e9m ontem n\u00e3o p\u00f4de participar da reuni\u00e3o, o Presidente do SINSPPEB protocolou um of\u00edcio (n\u00ba 114), solicitando apoio do Sr. Angelo para a PEC da Pol\u00edcia Penal, diante disso, a assessoria do referido Deputado se comprometeu agendar reuni\u00e3o para a pr\u00f3xima semana entre o Sr. Angelo e os representantes do SINSPPEB.<\/p>\n<p>Ao t\u00e9rmino da reuni\u00e3o, o Presidente do SINSPPEB encontrou nos corredores da Assembleia Legislativa da Bahia-ALBA, o Deputado Estadual Niltinho (PP), que tamb\u00e9m afirmou que na pr\u00f3xima semana agendar\u00e1 uma reuni\u00e3o com a Diretoria do SINSPPEB para tratar da PEC da Pol\u00edcia Penal. O Sr. Niltinho apresentou a Reivon o Deputado Estadual Rog\u00e9rio Andrade (PSD), e este por sua vez se comprometeu ajudar a categoria no que diz respeito \u00e0 PEC n\u00ba 160\/2020.<\/p>\n<p><img fetchpriority=\"high\" decoding=\"async\" class=\"alignnone size-medium wp-image-2222\" src=\"http:\/\/sinspeb.org.br\/wp-content\/uploads\/2021\/05\/IMG-20210521-WA0055-212x300.jpg\" alt=\"\" width=\"212\" height=\"300\" srcset=\"https:\/\/sinspeb.org.br\/wp-content\/uploads\/2021\/05\/IMG-20210521-WA0055-212x300.jpg 212w, https:\/\/sinspeb.org.br\/wp-content\/uploads\/2021\/05\/IMG-20210521-WA0055-725x1024.jpg 725w, https:\/\/sinspeb.org.br\/wp-content\/uploads\/2021\/05\/IMG-20210521-WA0055-768x1085.jpg 768w, https:\/\/sinspeb.org.br\/wp-content\/uploads\/2021\/05\/IMG-20210521-WA0055.jpg 906w\" sizes=\"(max-width: 212px) 100vw, 212px\" \/><\/p>\n<p>&nbsp;<\/p>\n<p>&nbsp;<\/p>\n<p><img decoding=\"async\" class=\"alignnone size-medium wp-image-2223\" src=\"http:\/\/sinspeb.org.br\/wp-content\/uploads\/2021\/05\/IMG-20210521-WA0051-218x300.jpg\" alt=\"\" width=\"218\" height=\"300\" srcset=\"https:\/\/sinspeb.org.br\/wp-content\/uploads\/2021\/05\/IMG-20210521-WA0051-218x300.jpg 218w, https:\/\/sinspeb.org.br\/wp-content\/uploads\/2021\/05\/IMG-20210521-WA0051-746x1024.jpg 746w, https:\/\/sinspeb.org.br\/wp-content\/uploads\/2021\/05\/IMG-20210521-WA0051-768x1055.jpg 768w, https:\/\/sinspeb.org.br\/wp-content\/uploads\/2021\/05\/IMG-20210521-WA0051-rotated.jpg 932w\" sizes=\"(max-width: 218px) 100vw, 218px\" \/><\/p>\n<p><img decoding=\"async\" class=\"alignnone size-medium wp-image-2224\" src=\"http:\/\/sinspeb.org.br\/wp-content\/uploads\/2021\/05\/IMG-20210521-WA0054-206x300.jpg\" alt=\"\" width=\"206\" height=\"300\" srcset=\"https:\/\/sinspeb.org.br\/wp-content\/uploads\/2021\/05\/IMG-20210521-WA0054-206x300.jpg 206w, https:\/\/sinspeb.org.br\/wp-content\/uploads\/2021\/05\/IMG-20210521-WA0054-702x1024.jpg 702w, https:\/\/sinspeb.org.br\/wp-content\/uploads\/2021\/05\/IMG-20210521-WA0054-768x1120.jpg 768w, https:\/\/sinspeb.org.br\/wp-content\/uploads\/2021\/05\/IMG-20210521-WA0054-rotated.jpg 878w\" sizes=\"(max-width: 206px) 100vw, 206px\" \/><\/p>\n<p><img loading=\"lazy\" decoding=\"async\" class=\"alignnone size-medium wp-image-2225\" src=\"http:\/\/sinspeb.org.br\/wp-content\/uploads\/2021\/05\/IMG-20210521-WA0053-212x300.jpg\" alt=\"\" width=\"212\" height=\"300\" srcset=\"https:\/\/sinspeb.org.br\/wp-content\/uploads\/2021\/05\/IMG-20210521-WA0053-212x300.jpg 212w, https:\/\/sinspeb.org.br\/wp-content\/uploads\/2021\/05\/IMG-20210521-WA0053-725x1024.jpg 725w, https:\/\/sinspeb.org.br\/wp-content\/uploads\/2021\/05\/IMG-20210521-WA0053-768x1085.jpg 768w, https:\/\/sinspeb.org.br\/wp-content\/uploads\/2021\/05\/IMG-20210521-WA0053-rotated.jpg 906w\" sizes=\"(max-width: 212px) 100vw, 212px\" \/><\/p>\n<p><img loading=\"lazy\" decoding=\"async\" class=\"alignnone size-medium wp-image-2226\" src=\"http:\/\/sinspeb.org.br\/wp-content\/uploads\/2021\/05\/IMG-20210521-WA0052-210x300.jpg\" alt=\"\" width=\"210\" height=\"300\" srcset=\"https:\/\/sinspeb.org.br\/wp-content\/uploads\/2021\/05\/IMG-20210521-WA0052-210x300.jpg 210w, https:\/\/sinspeb.org.br\/wp-content\/uploads\/2021\/05\/IMG-20210521-WA0052-715x1024.jpg 715w, https:\/\/sinspeb.org.br\/wp-content\/uploads\/2021\/05\/IMG-20210521-WA0052-768x1100.jpg 768w, https:\/\/sinspeb.org.br\/wp-content\/uploads\/2021\/05\/IMG-20210521-WA0052-rotated.jpg 894w\" sizes=\"(max-width: 210px) 100vw, 210px\" \/><br \/>\nGEST\u00c3O UFC \u2013 APROVA\u00c7\u00c3O DA PEC DA POL\u00cdCIA PENAL J\u00c1!<\/p>\n<p>ASCOM \u2013 SINSPPEB<\/p>\n","protected":false},"excerpt":{"rendered":"<p>Na tarde de ontem (20.05.21), o Presidente do Sindicato dos Servidores da Pol\u00edcia Penal do Estado da Bahia-SINSPPEB, Reivon Pimentel,<\/p>\n","protected":false},"author":3,"featured_media":2221,"comment_status":"open","ping_status":"open","sticky":false,"template":"","format":"standard","meta":{"colormag_page_container_layout":"default_layout","colormag_page_sidebar_layout":"default_layout","footnotes":""},"categories":[45,1],"tags":[],"class_list":["post-2220","post","type-post","status-publish","format-standard","has-post-thumbnail","hentry","category-importante","category-noticias"],"_links":{"self":[{"href":"https:\/\/sinspeb.org.br\/index.php?rest_route=\/wp\/v2\/posts\/2220","targetHints":{"allow":["GET"]}}],"collection":[{"href":"https:\/\/sinspeb.org.br\/index.php?rest_route=\/wp\/v2\/posts"}],"about":[{"href":"https:\/\/sinspeb.org.br\/index.php?rest_route=\/wp\/v2\/types\/post"}],"author":[{"embeddable":true,"href":"https:\/\/sinspeb.org.br\/index.php?rest_route=\/wp\/v2\/users\/3"}],"replies":[{"embeddable":true,"href":"https:\/\/sinspeb.org.br\/index.php?rest_route=%2Fwp%2Fv2%2Fcomments&post=2220"}],"version-history":[{"count":2,"href":"https:\/\/sinspeb.org.br\/index.php?rest_route=\/wp\/v2\/posts\/2220\/revisions"}],"predecessor-version":[{"id":2228,"href":"https:\/\/sinspeb.org.br\/index.php?rest_route=\/wp\/v2\/posts\/2220\/revisions\/2228"}],"wp:featuredmedia":[{"embeddable":true,"href":"https:\/\/sinspeb.org.br\/index.php?rest_route=\/wp\/v2\/media\/2221"}],"wp:attachment":[{"href":"https:\/\/sinspeb.org.br\/index.php?rest_route=%2Fwp%2Fv2%2Fmedia&parent=2220"}],"wp:term":[{"taxonomy":"category","embeddable":true,"href":"https:\/\/sinspeb.org.br\/index.php?rest_route=%2Fwp%2Fv2%2Fcategories&post=2220"},{"taxonomy":"post_tag","embeddable":true,"href":"https:\/\/sinspeb.org.br\/index.php?rest_route=%2Fwp%2Fv2%2Ftags&post=2220"}],"curies":[{"name":"wp","href":"https:\/\/api.w.org\/{rel}","templated":true}]}}