{"id":2260,"date":"2021-05-27T10:56:21","date_gmt":"2021-05-27T13:56:21","guid":{"rendered":"http:\/\/sinspeb.org.br\/?p=2260"},"modified":"2021-05-27T10:56:21","modified_gmt":"2021-05-27T13:56:21","slug":"sinsppeb-reune-se-com-o-deputado-jaco-e-pede-apoio-na-aprovacao-da-pec-da-policia-penal","status":"publish","type":"post","link":"https:\/\/sinspeb.org.br\/?p=2260","title":{"rendered":"SINSPPEB re\u00fane-se com o Deputado Jac\u00f3 e pede apoio na aprova\u00e7\u00e3o da PEC da POL\u00cdCIA PENAL"},"content":{"rendered":"<p><strong>SINSPPEB re\u00fane-se com o Deputado Jac\u00f3 e pede apoio na aprova\u00e7\u00e3o da PEC da POL\u00cdCIA PENAL<\/strong><\/p>\n<p>&nbsp;<\/p>\n<p><img fetchpriority=\"high\" decoding=\"async\" class=\"size-medium wp-image-2261 aligncenter\" src=\"http:\/\/sinspeb.org.br\/wp-content\/uploads\/2021\/05\/IMG_20210526_103934_715-300x225.jpg\" alt=\"\" width=\"300\" height=\"225\" srcset=\"https:\/\/sinspeb.org.br\/wp-content\/uploads\/2021\/05\/IMG_20210526_103934_715-300x225.jpg 300w, https:\/\/sinspeb.org.br\/wp-content\/uploads\/2021\/05\/IMG_20210526_103934_715-1024x768.jpg 1024w, https:\/\/sinspeb.org.br\/wp-content\/uploads\/2021\/05\/IMG_20210526_103934_715-768x576.jpg 768w, https:\/\/sinspeb.org.br\/wp-content\/uploads\/2021\/05\/IMG_20210526_103934_715.jpg 1280w\" sizes=\"(max-width: 300px) 100vw, 300px\" \/><\/p>\n<p>&nbsp;<\/p>\n<p>&nbsp;<\/p>\n<p>Durante a tarde desta segunda-feira (24\/05), a Gest\u00e3o UFC do Sindicato do Servidores da Pol\u00edcia Penal &#8211; SINSPPEB, representada pelo Presidente Reivon Pimentel e o Diretor Jorge Bastos, juntamente com o Presidente do Sindicato dos Policiais Civis &#8211; Eust\u00e1cio Lopes e os Diretores do SINDPOC &#8211; Agrimaldo e \u00c9rico, reuniram-se com o Deputado Estadual Jac\u00f3 (PT), atual Presidente da Comiss\u00e3o de Direitos Humanos e Seguran\u00e7a P\u00fablica da Assembleia Legislativa da Bahia, onde os sindicalistas foram bem recebidos pelo Parlamentar, que ouviu atentamente aos pleitos.<\/p>\n<p>Na reuni\u00e3o foram abordados quest\u00f5es em rela\u00e7\u00e3o ao cen\u00e1rio atual da Seguran\u00e7a P\u00fablica, a institui\u00e7\u00e3o da Pol\u00edcia Penal da Bahia e a Emenda Constitucional &#8211; EC 103\/2019 com as adequa\u00e7\u00f5es na Reforma da Previd\u00eancia da Bahia.<\/p>\n<p>O Presidente Reivon entregou c\u00f3pia da PEC 160\/2020 e of\u00edcio solicitando apoio a aprova\u00e7\u00e3o da referida PEC, ao Deputado, que prontamente colocou o mandato a disposi\u00e7\u00e3o para alavancar o projeto e posicionou-se totalmente \u00e0 favor da cria\u00e7\u00e3o da Pol\u00edcia Penal.<\/p>\n<p>Brevemente retornaremos a Comiss\u00e3o de Direitos Humanos e Seguran\u00e7a P\u00fablica, ap\u00f3s encaminhamento de of\u00edcio, para discutirmos a respeito do Sistema Integrado de Defesa Social, com foco no Sistema Prisional de forma abrangente e a urg\u00eancia da aprova\u00e7\u00e3o da PEC 160\/2020, que institui a Pol\u00edcia Penal do Estado da Bahia.<\/p>\n<p>&nbsp;<\/p>\n<p>SSA, 26.05.2021<\/p>\n<p><strong>Ascom &#8211; SINSPPEB<\/strong><\/p>\n","protected":false},"excerpt":{"rendered":"<p>SINSPPEB re\u00fane-se com o Deputado Jac\u00f3 e pede apoio na aprova\u00e7\u00e3o da PEC da POL\u00cdCIA PENAL &nbsp; &nbsp; &nbsp; Durante<\/p>\n","protected":false},"author":3,"featured_media":2261,"comment_status":"open","ping_status":"open","sticky":false,"template":"","format":"standard","meta":{"colormag_page_container_layout":"default_layout","colormag_page_sidebar_layout":"default_layout","footnotes":""},"categories":[45,1],"tags":[],"class_list":["post-2260","post","type-post","status-publish","format-standard","has-post-thumbnail","hentry","category-importante","category-noticias"],"_links":{"self":[{"href":"https:\/\/sinspeb.org.br\/index.php?rest_route=\/wp\/v2\/posts\/2260","targetHints":{"allow":["GET"]}}],"collection":[{"href":"https:\/\/sinspeb.org.br\/index.php?rest_route=\/wp\/v2\/posts"}],"about":[{"href":"https:\/\/sinspeb.org.br\/index.php?rest_route=\/wp\/v2\/types\/post"}],"author":[{"embeddable":true,"href":"https:\/\/sinspeb.org.br\/index.php?rest_route=\/wp\/v2\/users\/3"}],"replies":[{"embeddable":true,"href":"https:\/\/sinspeb.org.br\/index.php?rest_route=%2Fwp%2Fv2%2Fcomments&post=2260"}],"version-history":[{"count":2,"href":"https:\/\/sinspeb.org.br\/index.php?rest_route=\/wp\/v2\/posts\/2260\/revisions"}],"predecessor-version":[{"id":2263,"href":"https:\/\/sinspeb.org.br\/index.php?rest_route=\/wp\/v2\/posts\/2260\/revisions\/2263"}],"wp:featuredmedia":[{"embeddable":true,"href":"https:\/\/sinspeb.org.br\/index.php?rest_route=\/wp\/v2\/media\/2261"}],"wp:attachment":[{"href":"https:\/\/sinspeb.org.br\/index.php?rest_route=%2Fwp%2Fv2%2Fmedia&parent=2260"}],"wp:term":[{"taxonomy":"category","embeddable":true,"href":"https:\/\/sinspeb.org.br\/index.php?rest_route=%2Fwp%2Fv2%2Fcategories&post=2260"},{"taxonomy":"post_tag","embeddable":true,"href":"https:\/\/sinspeb.org.br\/index.php?rest_route=%2Fwp%2Fv2%2Ftags&post=2260"}],"curies":[{"name":"wp","href":"https:\/\/api.w.org\/{rel}","templated":true}]}}