{"id":2264,"date":"2021-05-27T11:01:40","date_gmt":"2021-05-27T14:01:40","guid":{"rendered":"http:\/\/sinspeb.org.br\/?p=2264"},"modified":"2021-05-27T11:01:40","modified_gmt":"2021-05-27T14:01:40","slug":"sinsppeb-reune-se-com-o-deputado-federal-marcelo-nilo-e-pede-apoio-na-aprovacao-da-pec-da-policia-penal","status":"publish","type":"post","link":"https:\/\/sinspeb.org.br\/?p=2264","title":{"rendered":"SINSPPEB re\u00fane-se com o Deputado Federal Marcelo Nilo e pede apoio na aprova\u00e7\u00e3o da PEC da POL\u00cdCIA PENAL"},"content":{"rendered":"<p>&nbsp;<\/p>\n<p><img fetchpriority=\"high\" decoding=\"async\" class=\"size-medium wp-image-2265 aligncenter\" src=\"http:\/\/sinspeb.org.br\/wp-content\/uploads\/2021\/05\/IMG_20210527_104711_849-300x225.jpg\" alt=\"\" width=\"300\" height=\"225\" srcset=\"https:\/\/sinspeb.org.br\/wp-content\/uploads\/2021\/05\/IMG_20210527_104711_849-300x225.jpg 300w, https:\/\/sinspeb.org.br\/wp-content\/uploads\/2021\/05\/IMG_20210527_104711_849-1024x768.jpg 1024w, https:\/\/sinspeb.org.br\/wp-content\/uploads\/2021\/05\/IMG_20210527_104711_849-768x576.jpg 768w, https:\/\/sinspeb.org.br\/wp-content\/uploads\/2021\/05\/IMG_20210527_104711_849.jpg 1280w\" sizes=\"(max-width: 300px) 100vw, 300px\" \/><\/p>\n<p>&nbsp;<\/p>\n<p>Em mais uma a\u00e7\u00e3o para cumprir seu papel de defensor dos interesses dos Servidores da Pol\u00edcia Penal, a Gest\u00e3o UFC do Sindicato dos Servidores da Pol\u00edcia Penal da Bahia, representada pelo Presidente Reivon Pimentel e o Diretor Jorge Bastos, reuniu-se na manh\u00e3 desta quarta-feira (26\/04), com o Deputado Federal Marcelo Nilo (PSD), para debater e solicitar apoio para aprova\u00e7\u00e3o da Proposta de Emenda \u00e0 Constitui\u00e7\u00e3o &#8211; PEC 160\/2020, que criar\u00e1 a Pol\u00edcia Penal da Bahia, que tramita na Assembleia Legislativa da Bahia.<\/p>\n<p>No di\u00e1logo com os representantes do SINSPPEB, o Parlamentar declarou apoio a aprova\u00e7\u00e3o da PEC da POL\u00cdCIA PENAL, bem como a regulamenta\u00e7\u00e3o em \u00e2mbito nacional.<\/p>\n<p>O Presidente Reivon tamb\u00e9m abordou a tem\u00e1tica acerca do tratamento desigual dispensado aos Policiais Penais pelos Gestores da Secretaria de Administra\u00e7\u00e3o Penitenci\u00e1ria e Ressocializa\u00e7\u00e3o em rela\u00e7\u00e3o \u00e0s Proibi\u00e7\u00f5es das Permutas, visto que as outras For\u00e7as Policiais e demais Servidores P\u00fablicos continuam sendo beneficiados. No entendimento do Parlamentar o pleito \u00e9 justo e prontamente intermediou o agendamento de reuni\u00e3o com o Secret\u00e1rio Nestor Duarte, a ser realizada hoje, para tratar a quest\u00e3o.<\/p>\n<p>Ao final da reuni\u00e3o, o Deputado Marcelo Nilo se mostrou aberto a novos di\u00e1logos, prestativo e empenhado na busca de refor\u00e7os para obten\u00e7\u00e3o de \u00eaxito da PEC 160\/2020.<\/p>\n<p>Ressaltamos tamb\u00e9m a participa\u00e7\u00e3o dos Policiais Penais Chico de Alfredo e Cleidvaldo, do Conjunto Penal de Jequi\u00e9, sendo os articuladores para que esse encontro fosse poss\u00edvel e concretizado com sucesso.<\/p>\n<p>&nbsp;<\/p>\n<p>SSA, 27.05.2021<\/p>\n<p><strong>Ascom &#8211; SINSPPEB<\/strong><\/p>\n","protected":false},"excerpt":{"rendered":"<p>&nbsp; &nbsp; Em mais uma a\u00e7\u00e3o para cumprir seu papel de defensor dos interesses dos Servidores da Pol\u00edcia Penal, a<\/p>\n","protected":false},"author":3,"featured_media":2265,"comment_status":"open","ping_status":"open","sticky":false,"template":"","format":"standard","meta":{"colormag_page_container_layout":"default_layout","colormag_page_sidebar_layout":"default_layout","footnotes":""},"categories":[45,1],"tags":[],"class_list":["post-2264","post","type-post","status-publish","format-standard","has-post-thumbnail","hentry","category-importante","category-noticias"],"_links":{"self":[{"href":"https:\/\/sinspeb.org.br\/index.php?rest_route=\/wp\/v2\/posts\/2264","targetHints":{"allow":["GET"]}}],"collection":[{"href":"https:\/\/sinspeb.org.br\/index.php?rest_route=\/wp\/v2\/posts"}],"about":[{"href":"https:\/\/sinspeb.org.br\/index.php?rest_route=\/wp\/v2\/types\/post"}],"author":[{"embeddable":true,"href":"https:\/\/sinspeb.org.br\/index.php?rest_route=\/wp\/v2\/users\/3"}],"replies":[{"embeddable":true,"href":"https:\/\/sinspeb.org.br\/index.php?rest_route=%2Fwp%2Fv2%2Fcomments&post=2264"}],"version-history":[{"count":2,"href":"https:\/\/sinspeb.org.br\/index.php?rest_route=\/wp\/v2\/posts\/2264\/revisions"}],"predecessor-version":[{"id":2267,"href":"https:\/\/sinspeb.org.br\/index.php?rest_route=\/wp\/v2\/posts\/2264\/revisions\/2267"}],"wp:featuredmedia":[{"embeddable":true,"href":"https:\/\/sinspeb.org.br\/index.php?rest_route=\/wp\/v2\/media\/2265"}],"wp:attachment":[{"href":"https:\/\/sinspeb.org.br\/index.php?rest_route=%2Fwp%2Fv2%2Fmedia&parent=2264"}],"wp:term":[{"taxonomy":"category","embeddable":true,"href":"https:\/\/sinspeb.org.br\/index.php?rest_route=%2Fwp%2Fv2%2Fcategories&post=2264"},{"taxonomy":"post_tag","embeddable":true,"href":"https:\/\/sinspeb.org.br\/index.php?rest_route=%2Fwp%2Fv2%2Ftags&post=2264"}],"curies":[{"name":"wp","href":"https:\/\/api.w.org\/{rel}","templated":true}]}}