{"id":2271,"date":"2021-05-28T12:17:57","date_gmt":"2021-05-28T15:17:57","guid":{"rendered":"http:\/\/sinspeb.org.br\/?p=2271"},"modified":"2021-05-28T12:17:57","modified_gmt":"2021-05-28T15:17:57","slug":"nota-de-pesar-14","status":"publish","type":"post","link":"https:\/\/sinspeb.org.br\/?p=2271","title":{"rendered":"NOTA DE PESAR"},"content":{"rendered":"<p>\u00c9 com extremo pesar que o Sindicato dos Servidores da Pol\u00edcia Penal do Estado da Bahia-SINSPPEB, informa sobre o falecimento do Senhor Sebasti\u00e3o Soares da Silva, Diretor de Forma\u00e7\u00e3o Sindical e Qualifica\u00e7\u00e3o Profissional da Nova Central Sindical de Trabalhadores-NCST.<\/p>\n<p>Deus tem para todos n\u00f3s um plano, Ele tem para todos n\u00f3s uma miss\u00e3o. O grande segredo da vida \u00e9 n\u00e3o sabermos qual \u00e9 o nosso tempo na Terra. Mas Deus sabe de tudo. Deus sabe o que quer de cada um n\u00f3s.<\/p>\n<p>A miss\u00e3o do Sr. Sebasti\u00e3o foi cumprida aqui na terra, pois ele foi um grande exemplo para os Sindicalistas brasileiros. Descanse em paz amigo!<\/p>\n<p>Por isso, muito respeitosamente prestamos as nossas condol\u00eancias e deixamos nossos mais sinceros p\u00easames.<\/p>\n<p>ASCOM-SINSPPEB<\/p>\n","protected":false},"excerpt":{"rendered":"<p>\u00c9 com extremo pesar que o Sindicato dos Servidores da Pol\u00edcia Penal do Estado da Bahia-SINSPPEB, informa sobre o falecimento<\/p>\n","protected":false},"author":3,"featured_media":2272,"comment_status":"open","ping_status":"open","sticky":false,"template":"","format":"standard","meta":{"colormag_page_container_layout":"default_layout","colormag_page_sidebar_layout":"default_layout","footnotes":""},"categories":[45,1],"tags":[],"class_list":["post-2271","post","type-post","status-publish","format-standard","has-post-thumbnail","hentry","category-importante","category-noticias"],"_links":{"self":[{"href":"https:\/\/sinspeb.org.br\/index.php?rest_route=\/wp\/v2\/posts\/2271","targetHints":{"allow":["GET"]}}],"collection":[{"href":"https:\/\/sinspeb.org.br\/index.php?rest_route=\/wp\/v2\/posts"}],"about":[{"href":"https:\/\/sinspeb.org.br\/index.php?rest_route=\/wp\/v2\/types\/post"}],"author":[{"embeddable":true,"href":"https:\/\/sinspeb.org.br\/index.php?rest_route=\/wp\/v2\/users\/3"}],"replies":[{"embeddable":true,"href":"https:\/\/sinspeb.org.br\/index.php?rest_route=%2Fwp%2Fv2%2Fcomments&post=2271"}],"version-history":[{"count":1,"href":"https:\/\/sinspeb.org.br\/index.php?rest_route=\/wp\/v2\/posts\/2271\/revisions"}],"predecessor-version":[{"id":2273,"href":"https:\/\/sinspeb.org.br\/index.php?rest_route=\/wp\/v2\/posts\/2271\/revisions\/2273"}],"wp:featuredmedia":[{"embeddable":true,"href":"https:\/\/sinspeb.org.br\/index.php?rest_route=\/wp\/v2\/media\/2272"}],"wp:attachment":[{"href":"https:\/\/sinspeb.org.br\/index.php?rest_route=%2Fwp%2Fv2%2Fmedia&parent=2271"}],"wp:term":[{"taxonomy":"category","embeddable":true,"href":"https:\/\/sinspeb.org.br\/index.php?rest_route=%2Fwp%2Fv2%2Fcategories&post=2271"},{"taxonomy":"post_tag","embeddable":true,"href":"https:\/\/sinspeb.org.br\/index.php?rest_route=%2Fwp%2Fv2%2Ftags&post=2271"}],"curies":[{"name":"wp","href":"https:\/\/api.w.org\/{rel}","templated":true}]}}