{"id":2281,"date":"2021-05-30T14:14:23","date_gmt":"2021-05-30T17:14:23","guid":{"rendered":"http:\/\/sinspeb.org.br\/?p=2281"},"modified":"2021-05-30T14:14:23","modified_gmt":"2021-05-30T17:14:23","slug":"presidente-do-sinsppeb-solicita-ao-governador-rui-costa-ampliacao-do-percentual-de-margem-consignavel-para-servidores-ativos-inativos-e-pensionistas","status":"publish","type":"post","link":"https:\/\/sinspeb.org.br\/?p=2281","title":{"rendered":"PRESIDENTE DO SINSPPEB SOLICITA AO GOVERNADOR RUI COSTA AMPLIA\u00c7\u00c3O DO PERCENTUAL DE MARGEM CONSIGN\u00c1VEL PARA SERVIDORES ATIVOS, INATIVOS E PENSIONISTAS"},"content":{"rendered":"<p>Na \u00faltima quinta-feira (27.05.21), por meio de of\u00edcio (n\u00b0 119), o Presidente do Sindicato dos Servidores da Pol\u00edcia Penal do Estado da Bahia-SINSPPEB, Reivon Pimentel, solicitou ao Governador Rui Costa (PT) amplia\u00e7\u00e3o do percentual de margem consign\u00e1vel para Servidores ativos, inativos e pensionistas.<\/p>\n<p><img fetchpriority=\"high\" decoding=\"async\" class=\"alignnone size-medium wp-image-2282\" src=\"http:\/\/sinspeb.org.br\/wp-content\/uploads\/2021\/05\/IMG-20210528-WA0074-212x300.jpg\" alt=\"\" width=\"212\" height=\"300\" srcset=\"https:\/\/sinspeb.org.br\/wp-content\/uploads\/2021\/05\/IMG-20210528-WA0074-212x300.jpg 212w, https:\/\/sinspeb.org.br\/wp-content\/uploads\/2021\/05\/IMG-20210528-WA0074-722x1024.jpg 722w, https:\/\/sinspeb.org.br\/wp-content\/uploads\/2021\/05\/IMG-20210528-WA0074-768x1089.jpg 768w, https:\/\/sinspeb.org.br\/wp-content\/uploads\/2021\/05\/IMG-20210528-WA0074-rotated.jpg 903w\" sizes=\"(max-width: 212px) 100vw, 212px\" \/><\/p>\n<p>Vale ressaltar, que a solicita\u00e7\u00e3o do Presidente do SINSPPEB est\u00e1 amparada pela Lei 14.131 de 30 de mar\u00e7o de 2021, pois esta assegura aos Servidores citados acima, o acr\u00e9scimo de 5% (cinco por cento), ao percentual m\u00e1ximo para a contrata\u00e7\u00e3o de opera\u00e7\u00f5es de cr\u00e9dito com desconto autom\u00e1tico em folha de pagamento at\u00e9 o dia 31 de dezembro de 2021.<\/p>\n<p><img decoding=\"async\" class=\"alignnone size-medium wp-image-2283\" src=\"http:\/\/sinspeb.org.br\/wp-content\/uploads\/2021\/05\/IMG-20210528-WA0075-217x300.jpg\" alt=\"\" width=\"217\" height=\"300\" srcset=\"https:\/\/sinspeb.org.br\/wp-content\/uploads\/2021\/05\/IMG-20210528-WA0075-217x300.jpg 217w, https:\/\/sinspeb.org.br\/wp-content\/uploads\/2021\/05\/IMG-20210528-WA0075-741x1024.jpg 741w, https:\/\/sinspeb.org.br\/wp-content\/uploads\/2021\/05\/IMG-20210528-WA0075-768x1062.jpg 768w, https:\/\/sinspeb.org.br\/wp-content\/uploads\/2021\/05\/IMG-20210528-WA0075-rotated.jpg 926w\" sizes=\"(max-width: 217px) 100vw, 217px\" \/><\/p>\n<p>Diante do cen\u00e1rio pand\u00eamico em que a popula\u00e7\u00e3o mundial se encontra, a crise econ\u00f4mica \u00e9 not\u00f3ria. Sendo assim, a utiliza\u00e7\u00e3o de linhas de cr\u00e9dito tem sido uma forma vi\u00e1vel de diminuir os impactos financeiros. Posto isto, faz-se necess\u00e1rio que o Servidor da Pol\u00edcia Penal tenha acesso a um cr\u00e9dito consignado em maior aporte percentual do que o vigente.<\/p>\n<p><img decoding=\"async\" class=\"alignnone size-medium wp-image-2284\" src=\"http:\/\/sinspeb.org.br\/wp-content\/uploads\/2021\/05\/IMG-20210528-WA0076-209x300.jpg\" alt=\"\" width=\"209\" height=\"300\" srcset=\"https:\/\/sinspeb.org.br\/wp-content\/uploads\/2021\/05\/IMG-20210528-WA0076-209x300.jpg 209w, https:\/\/sinspeb.org.br\/wp-content\/uploads\/2021\/05\/IMG-20210528-WA0076-714x1024.jpg 714w, https:\/\/sinspeb.org.br\/wp-content\/uploads\/2021\/05\/IMG-20210528-WA0076-768x1102.jpg 768w, https:\/\/sinspeb.org.br\/wp-content\/uploads\/2021\/05\/IMG-20210528-WA0076-rotated.jpg 892w\" sizes=\"(max-width: 209px) 100vw, 209px\" \/><\/p>\n<p>Salientamos ainda, que a Senhora Talita Nobre Pessoa, secret\u00e1ria particular do Governador, informou na sexta-feira (28.05.21), via e-mail, que j\u00e1 encaminhou o of\u00edcio protocolado por Reivon, \u00e0 Secretaria de Administra\u00e7\u00e3o e oportunamente, ser\u00e3o remetidas informa\u00e7\u00f5es quanto aos desdobramentos da demanda em quest\u00e3o.<\/p>\n<p><img loading=\"lazy\" decoding=\"async\" class=\"alignnone size-medium wp-image-2285\" src=\"http:\/\/sinspeb.org.br\/wp-content\/uploads\/2021\/05\/Resposta-da-Secretaria-do-Governador-Oficio-212x300.png\" alt=\"\" width=\"212\" height=\"300\" srcset=\"https:\/\/sinspeb.org.br\/wp-content\/uploads\/2021\/05\/Resposta-da-Secretaria-do-Governador-Oficio-212x300.png 212w, https:\/\/sinspeb.org.br\/wp-content\/uploads\/2021\/05\/Resposta-da-Secretaria-do-Governador-Oficio-724x1024.png 724w, https:\/\/sinspeb.org.br\/wp-content\/uploads\/2021\/05\/Resposta-da-Secretaria-do-Governador-Oficio-768x1086.png 768w, https:\/\/sinspeb.org.br\/wp-content\/uploads\/2021\/05\/Resposta-da-Secretaria-do-Governador-Oficio-1086x1536.png 1086w, https:\/\/sinspeb.org.br\/wp-content\/uploads\/2021\/05\/Resposta-da-Secretaria-do-Governador-Oficio.png 1240w\" sizes=\"(max-width: 212px) 100vw, 212px\" \/><\/p>\n<p>&nbsp;<\/p>\n<p>GEST\u00c3O UFC \u2013 EM PROL DA CATEGORIA!<\/p>\n<p>ASCOM \u2013 SINSPPEB<\/p>\n","protected":false},"excerpt":{"rendered":"<p>Na \u00faltima quinta-feira (27.05.21), por meio de of\u00edcio (n\u00b0 119), o Presidente do Sindicato dos Servidores da Pol\u00edcia Penal do<\/p>\n","protected":false},"author":3,"featured_media":1337,"comment_status":"open","ping_status":"open","sticky":false,"template":"","format":"standard","meta":{"colormag_page_container_layout":"default_layout","colormag_page_sidebar_layout":"default_layout","footnotes":""},"categories":[45,1],"tags":[],"class_list":["post-2281","post","type-post","status-publish","format-standard","has-post-thumbnail","hentry","category-importante","category-noticias"],"_links":{"self":[{"href":"https:\/\/sinspeb.org.br\/index.php?rest_route=\/wp\/v2\/posts\/2281","targetHints":{"allow":["GET"]}}],"collection":[{"href":"https:\/\/sinspeb.org.br\/index.php?rest_route=\/wp\/v2\/posts"}],"about":[{"href":"https:\/\/sinspeb.org.br\/index.php?rest_route=\/wp\/v2\/types\/post"}],"author":[{"embeddable":true,"href":"https:\/\/sinspeb.org.br\/index.php?rest_route=\/wp\/v2\/users\/3"}],"replies":[{"embeddable":true,"href":"https:\/\/sinspeb.org.br\/index.php?rest_route=%2Fwp%2Fv2%2Fcomments&post=2281"}],"version-history":[{"count":1,"href":"https:\/\/sinspeb.org.br\/index.php?rest_route=\/wp\/v2\/posts\/2281\/revisions"}],"predecessor-version":[{"id":2286,"href":"https:\/\/sinspeb.org.br\/index.php?rest_route=\/wp\/v2\/posts\/2281\/revisions\/2286"}],"wp:featuredmedia":[{"embeddable":true,"href":"https:\/\/sinspeb.org.br\/index.php?rest_route=\/wp\/v2\/media\/1337"}],"wp:attachment":[{"href":"https:\/\/sinspeb.org.br\/index.php?rest_route=%2Fwp%2Fv2%2Fmedia&parent=2281"}],"wp:term":[{"taxonomy":"category","embeddable":true,"href":"https:\/\/sinspeb.org.br\/index.php?rest_route=%2Fwp%2Fv2%2Fcategories&post=2281"},{"taxonomy":"post_tag","embeddable":true,"href":"https:\/\/sinspeb.org.br\/index.php?rest_route=%2Fwp%2Fv2%2Ftags&post=2281"}],"curies":[{"name":"wp","href":"https:\/\/api.w.org\/{rel}","templated":true}]}}