{"id":2287,"date":"2021-05-31T16:01:54","date_gmt":"2021-05-31T19:01:54","guid":{"rendered":"http:\/\/sinspeb.org.br\/?p=2287"},"modified":"2021-05-31T16:01:54","modified_gmt":"2021-05-31T19:01:54","slug":"em-mais-uma-demonstracao-de-amor-e-solidariedade-policiais-penas-do-cpfs-doam-cestas-basicas","status":"publish","type":"post","link":"https:\/\/sinspeb.org.br\/?p=2287","title":{"rendered":"EM MAIS UMA DEMONSTRA\u00c7\u00c3O DE AMOR E SOLIDARIEDADE, POLICIAIS PENAS DO CPFS DOAM CESTAS B\u00c1SICAS"},"content":{"rendered":"<p>Como est\u00e1 escrito na B\u00edblia Sagrada: \u201cQuem d\u00e1 aos pobres n\u00e3o passar\u00e1 necessidade,\u201d Prov\u00e9rbios 28:27.<\/p>\n<p>Seguindo o conselho b\u00edblico, no que diz respeito ao amor ao pr\u00f3ximo, na data de ontem (30.05.21), os Servidores e Servidoras da Pol\u00edcia Penal do Conjunto Penal de Feira de Santana-CPFS, realizaram mais uma distribui\u00e7\u00e3o de Cestas B\u00e1sicas. Desta vez, a Comunidade beneficiada foi a Ocupa\u00e7\u00e3o Lucas da Feira (antiga F\u00e1brica da Alimba) no Bairro Novo Horizonte.<\/p>\n<p><img fetchpriority=\"high\" decoding=\"async\" class=\"alignnone size-full wp-image-2288\" src=\"http:\/\/sinspeb.org.br\/wp-content\/uploads\/2021\/05\/GIF-da-Corrente-do-BEM-4.gif\" alt=\"\" width=\"251\" height=\"250\" \/><\/p>\n<p>Na oportunidade, mais de 50 (cinquenta) fam\u00edlias foram atendidas e ter\u00e3o como se alimentar neste momento de pandemia e crise financeira no qual vivemos.<\/p>\n<p>Os idealizadores da Campanha Corrente do Bem agradecem \u00e0 Diretoria do Sindicato dos Servidores da Pol\u00edcia Penal do Estado da Bahia-SINSPPEB, como tamb\u00e9m a todos os Servidores do CPFS e Policiais Penais do Estado, bem como ao Dr. Marcos Aur\u00e9lio e todos os amigos que est\u00e3o contribuindo atrav\u00e9s de doa\u00e7\u00f5es financeiras e de v\u00edveres para manter esta Campanha que h\u00e1 mais de 01 (um) ano, vem ajudando a quem mais precisa.<\/p>\n<p>GEST\u00c3O UFC \u2013 DOE, CONTRIBUA, AJUDE A QUEM PRECISA!<\/p>\n<p>ASCOM \u2013 SINSPPEB<\/p>\n","protected":false},"excerpt":{"rendered":"<p>Como est\u00e1 escrito na B\u00edblia Sagrada: \u201cQuem d\u00e1 aos pobres n\u00e3o passar\u00e1 necessidade,\u201d Prov\u00e9rbios 28:27. Seguindo o conselho b\u00edblico, no<\/p>\n","protected":false},"author":3,"featured_media":2289,"comment_status":"open","ping_status":"open","sticky":false,"template":"","format":"standard","meta":{"colormag_page_container_layout":"default_layout","colormag_page_sidebar_layout":"default_layout","footnotes":""},"categories":[45,1],"tags":[],"class_list":["post-2287","post","type-post","status-publish","format-standard","has-post-thumbnail","hentry","category-importante","category-noticias"],"_links":{"self":[{"href":"https:\/\/sinspeb.org.br\/index.php?rest_route=\/wp\/v2\/posts\/2287","targetHints":{"allow":["GET"]}}],"collection":[{"href":"https:\/\/sinspeb.org.br\/index.php?rest_route=\/wp\/v2\/posts"}],"about":[{"href":"https:\/\/sinspeb.org.br\/index.php?rest_route=\/wp\/v2\/types\/post"}],"author":[{"embeddable":true,"href":"https:\/\/sinspeb.org.br\/index.php?rest_route=\/wp\/v2\/users\/3"}],"replies":[{"embeddable":true,"href":"https:\/\/sinspeb.org.br\/index.php?rest_route=%2Fwp%2Fv2%2Fcomments&post=2287"}],"version-history":[{"count":1,"href":"https:\/\/sinspeb.org.br\/index.php?rest_route=\/wp\/v2\/posts\/2287\/revisions"}],"predecessor-version":[{"id":2290,"href":"https:\/\/sinspeb.org.br\/index.php?rest_route=\/wp\/v2\/posts\/2287\/revisions\/2290"}],"wp:featuredmedia":[{"embeddable":true,"href":"https:\/\/sinspeb.org.br\/index.php?rest_route=\/wp\/v2\/media\/2289"}],"wp:attachment":[{"href":"https:\/\/sinspeb.org.br\/index.php?rest_route=%2Fwp%2Fv2%2Fmedia&parent=2287"}],"wp:term":[{"taxonomy":"category","embeddable":true,"href":"https:\/\/sinspeb.org.br\/index.php?rest_route=%2Fwp%2Fv2%2Fcategories&post=2287"},{"taxonomy":"post_tag","embeddable":true,"href":"https:\/\/sinspeb.org.br\/index.php?rest_route=%2Fwp%2Fv2%2Ftags&post=2287"}],"curies":[{"name":"wp","href":"https:\/\/api.w.org\/{rel}","templated":true}]}}