{"id":2291,"date":"2021-06-01T11:44:03","date_gmt":"2021-06-01T14:44:03","guid":{"rendered":"http:\/\/sinspeb.org.br\/?p=2291"},"modified":"2021-06-01T11:44:03","modified_gmt":"2021-06-01T14:44:03","slug":"nota-de-pesar-15","status":"publish","type":"post","link":"https:\/\/sinspeb.org.br\/?p=2291","title":{"rendered":"NOTA DE PESAR"},"content":{"rendered":"<p>\u00c9 com extremo pesar que o Sindicato dos Servidores da Pol\u00edcia Penal do Estado da Bahia-SINSPPEB, informa sobre o falecimento do Senhor Gilmar Santos Pereira, L\u00edder Comunit\u00e1rio da Cidade de Jequi\u00e9 e Coordenador de Manuten\u00e7\u00e3o do Conjunto Penal de Jequi\u00e9-CPJ.<\/p>\n<p>Na manh\u00e3 de hoje (01.06.21), enquanto estava no quintal de sua casa, o Sr. Gilmar foi brutalmente assassinado. Homens n\u00e3o identificados se aproximaram da v\u00edtima e efetuaram v\u00e1rios disparos de arma de fogo.<\/p>\n<p>O L\u00edder Comunit\u00e1rio era muito querido, pois al\u00e9m de trabalhador, sempre reivindicava melhorias para a comunidade que tanto amava. Esperamos que as devidas investiga\u00e7\u00f5es sejam feitas e os culpados presos, porque um crime b\u00e1rbaro como esse n\u00e3o pode ficar sem resposta.<\/p>\n<p>Lamentamos profundamente o ocorrido! Deus conforte os familiares e amigos nesta hora de tamanha dor!<\/p>\n<p>ASCOM-SINSPPEB<\/p>\n","protected":false},"excerpt":{"rendered":"<p>\u00c9 com extremo pesar que o Sindicato dos Servidores da Pol\u00edcia Penal do Estado da Bahia-SINSPPEB, informa sobre o falecimento<\/p>\n","protected":false},"author":3,"featured_media":1983,"comment_status":"open","ping_status":"open","sticky":false,"template":"","format":"standard","meta":{"colormag_page_container_layout":"default_layout","colormag_page_sidebar_layout":"default_layout","footnotes":""},"categories":[45,1],"tags":[],"class_list":["post-2291","post","type-post","status-publish","format-standard","has-post-thumbnail","hentry","category-importante","category-noticias"],"_links":{"self":[{"href":"https:\/\/sinspeb.org.br\/index.php?rest_route=\/wp\/v2\/posts\/2291","targetHints":{"allow":["GET"]}}],"collection":[{"href":"https:\/\/sinspeb.org.br\/index.php?rest_route=\/wp\/v2\/posts"}],"about":[{"href":"https:\/\/sinspeb.org.br\/index.php?rest_route=\/wp\/v2\/types\/post"}],"author":[{"embeddable":true,"href":"https:\/\/sinspeb.org.br\/index.php?rest_route=\/wp\/v2\/users\/3"}],"replies":[{"embeddable":true,"href":"https:\/\/sinspeb.org.br\/index.php?rest_route=%2Fwp%2Fv2%2Fcomments&post=2291"}],"version-history":[{"count":1,"href":"https:\/\/sinspeb.org.br\/index.php?rest_route=\/wp\/v2\/posts\/2291\/revisions"}],"predecessor-version":[{"id":2292,"href":"https:\/\/sinspeb.org.br\/index.php?rest_route=\/wp\/v2\/posts\/2291\/revisions\/2292"}],"wp:featuredmedia":[{"embeddable":true,"href":"https:\/\/sinspeb.org.br\/index.php?rest_route=\/wp\/v2\/media\/1983"}],"wp:attachment":[{"href":"https:\/\/sinspeb.org.br\/index.php?rest_route=%2Fwp%2Fv2%2Fmedia&parent=2291"}],"wp:term":[{"taxonomy":"category","embeddable":true,"href":"https:\/\/sinspeb.org.br\/index.php?rest_route=%2Fwp%2Fv2%2Fcategories&post=2291"},{"taxonomy":"post_tag","embeddable":true,"href":"https:\/\/sinspeb.org.br\/index.php?rest_route=%2Fwp%2Fv2%2Ftags&post=2291"}],"curies":[{"name":"wp","href":"https:\/\/api.w.org\/{rel}","templated":true}]}}