{"id":2295,"date":"2021-06-07T11:41:37","date_gmt":"2021-06-07T14:41:37","guid":{"rendered":"http:\/\/sinspeb.org.br\/?p=2295"},"modified":"2021-06-07T11:41:37","modified_gmt":"2021-06-07T14:41:37","slug":"denuncia-servidores-da-policia-penal-do-cpj-nao-estao-sendo-vacinados-contra-a-covid-19-enquanto-os-presos-estao","status":"publish","type":"post","link":"https:\/\/sinspeb.org.br\/?p=2295","title":{"rendered":"DEN\u00daNCIA: SERVIDORES DA POL\u00cdCIA PENAL DO CPJ N\u00c3O EST\u00c3O SENDO VACINADOS CONTRA A COVID-19, ENQUANTO OS PRESOS EST\u00c3O"},"content":{"rendered":"<p>Ao passo que os internos do Conjunto Penal de Jequi\u00e9-CPJ com faixa et\u00e1ria de 18 (dezoito) anos ou mais est\u00e3o sendo regularmente vacinados, os Servidores da Pol\u00edcia Penal com idade abaixo de 40 (quarenta) anos, ainda nem entraram na Lista de imuniza\u00e7\u00e3o.<\/p>\n<p>Vale pontuar, que tanto na Capital como nas demais cidades do Estado da Bahia, o calend\u00e1rio de vacina\u00e7\u00e3o segue com a inclus\u00e3o dos Servidores da Pol\u00edcia Penal com idade igual ou superior a dezoito anos, todavia em Jequi\u00e9 os presos est\u00e3o sendo privilegiados em detrimento dos Servidores. A imuniza\u00e7\u00e3o para os lotados no CPJ j\u00e1 havia sido iniciada para os que possuem mais de quarenta anos, por\u00e9m atualmente encontra-se estagnada.<\/p>\n<p>Ressaltamos, que os Servidores est\u00e3o muito mais expostos \u00e0 contamina\u00e7\u00e3o da Covid-19 do que os apenados. Enquanto estes est\u00e3o reclusos, aqueles t\u00eam contato diariamente com o mundo exterior. Nesta l\u00f3gica, se o Servidores n\u00e3o forem totalmente imunizados, ser\u00e3o poss\u00edveis vetores de transmiss\u00e3o para os presos.<\/p>\n<p>Desta forma, aguardamos que com brevidade, as autoridades competentes da t\u00e3o conhecida Cidade Sol tomem as devidas provid\u00eancias para que os nossos colegas sejam priorizados.<\/p>\n<p>ASCOM -SINSPPEB<\/p>\n","protected":false},"excerpt":{"rendered":"<p>Ao passo que os internos do Conjunto Penal de Jequi\u00e9-CPJ com faixa et\u00e1ria de 18 (dezoito) anos ou mais est\u00e3o<\/p>\n","protected":false},"author":3,"featured_media":2296,"comment_status":"open","ping_status":"open","sticky":false,"template":"","format":"standard","meta":{"colormag_page_container_layout":"default_layout","colormag_page_sidebar_layout":"default_layout","footnotes":""},"categories":[45,1],"tags":[],"class_list":["post-2295","post","type-post","status-publish","format-standard","has-post-thumbnail","hentry","category-importante","category-noticias"],"_links":{"self":[{"href":"https:\/\/sinspeb.org.br\/index.php?rest_route=\/wp\/v2\/posts\/2295","targetHints":{"allow":["GET"]}}],"collection":[{"href":"https:\/\/sinspeb.org.br\/index.php?rest_route=\/wp\/v2\/posts"}],"about":[{"href":"https:\/\/sinspeb.org.br\/index.php?rest_route=\/wp\/v2\/types\/post"}],"author":[{"embeddable":true,"href":"https:\/\/sinspeb.org.br\/index.php?rest_route=\/wp\/v2\/users\/3"}],"replies":[{"embeddable":true,"href":"https:\/\/sinspeb.org.br\/index.php?rest_route=%2Fwp%2Fv2%2Fcomments&post=2295"}],"version-history":[{"count":1,"href":"https:\/\/sinspeb.org.br\/index.php?rest_route=\/wp\/v2\/posts\/2295\/revisions"}],"predecessor-version":[{"id":2297,"href":"https:\/\/sinspeb.org.br\/index.php?rest_route=\/wp\/v2\/posts\/2295\/revisions\/2297"}],"wp:featuredmedia":[{"embeddable":true,"href":"https:\/\/sinspeb.org.br\/index.php?rest_route=\/wp\/v2\/media\/2296"}],"wp:attachment":[{"href":"https:\/\/sinspeb.org.br\/index.php?rest_route=%2Fwp%2Fv2%2Fmedia&parent=2295"}],"wp:term":[{"taxonomy":"category","embeddable":true,"href":"https:\/\/sinspeb.org.br\/index.php?rest_route=%2Fwp%2Fv2%2Fcategories&post=2295"},{"taxonomy":"post_tag","embeddable":true,"href":"https:\/\/sinspeb.org.br\/index.php?rest_route=%2Fwp%2Fv2%2Ftags&post=2295"}],"curies":[{"name":"wp","href":"https:\/\/api.w.org\/{rel}","templated":true}]}}