{"id":2306,"date":"2021-06-09T20:41:47","date_gmt":"2021-06-09T23:41:47","guid":{"rendered":"http:\/\/sinspeb.org.br\/?p=2306"},"modified":"2021-06-09T20:41:47","modified_gmt":"2021-06-09T23:41:47","slug":"pronunciamento-do-vice-presidente-do-sinsppeb","status":"publish","type":"post","link":"https:\/\/sinspeb.org.br\/?p=2306","title":{"rendered":"Pronunciamento do Vice-Presidente do SINSPPEB"},"content":{"rendered":"<p>&nbsp;<\/p>\n<div style=\"width: 360px;\" class=\"wp-video\"><!--[if lt IE 9]><script>document.createElement('video');<\/script><![endif]-->\n<video class=\"wp-video-shortcode\" id=\"video-2306-1\" width=\"360\" height=\"240\" preload=\"metadata\" controls=\"controls\"><source type=\"video\/mp4\" src=\"http:\/\/sinspeb.org.br\/wp-content\/uploads\/2021\/06\/Video_20210609191628345_by_VideoShow.mp4?_=1\" \/><a href=\"http:\/\/sinspeb.org.br\/wp-content\/uploads\/2021\/06\/Video_20210609191628345_by_VideoShow.mp4\">http:\/\/sinspeb.org.br\/wp-content\/uploads\/2021\/06\/Video_20210609191628345_by_VideoShow.mp4<\/a><\/video><\/div>\n<p>Pronunciamento do Vice-Presidente do Sindicato dos Servidores da Pol\u00edcia Penal do Estado da Bahia-SINSPPEB, Fernando Fernandes a respeito do Grupo de Trabalho destinado \u00e0 apresenta\u00e7\u00e3o de Proposta de transi\u00e7\u00e3o da carreira de Agente Penitenci\u00e1rio \u00e0 Policial Penal.<\/p>\n<p>\ud83d\udca1Assistam ao v\u00eddeo acima! \ud83d\udc46\ud83c\udffc<\/p>\n<p>ASCOM -SINSPPEB<\/p>\n","protected":false},"excerpt":{"rendered":"<p>&nbsp; Pronunciamento do Vice-Presidente do Sindicato dos Servidores da Pol\u00edcia Penal do Estado da Bahia-SINSPPEB, Fernando Fernandes a respeito do<\/p>\n","protected":false},"author":3,"featured_media":2311,"comment_status":"open","ping_status":"open","sticky":false,"template":"","format":"standard","meta":{"colormag_page_container_layout":"default_layout","colormag_page_sidebar_layout":"default_layout","footnotes":""},"categories":[45,1],"tags":[],"class_list":["post-2306","post","type-post","status-publish","format-standard","has-post-thumbnail","hentry","category-importante","category-noticias"],"_links":{"self":[{"href":"https:\/\/sinspeb.org.br\/index.php?rest_route=\/wp\/v2\/posts\/2306","targetHints":{"allow":["GET"]}}],"collection":[{"href":"https:\/\/sinspeb.org.br\/index.php?rest_route=\/wp\/v2\/posts"}],"about":[{"href":"https:\/\/sinspeb.org.br\/index.php?rest_route=\/wp\/v2\/types\/post"}],"author":[{"embeddable":true,"href":"https:\/\/sinspeb.org.br\/index.php?rest_route=\/wp\/v2\/users\/3"}],"replies":[{"embeddable":true,"href":"https:\/\/sinspeb.org.br\/index.php?rest_route=%2Fwp%2Fv2%2Fcomments&post=2306"}],"version-history":[{"count":1,"href":"https:\/\/sinspeb.org.br\/index.php?rest_route=\/wp\/v2\/posts\/2306\/revisions"}],"predecessor-version":[{"id":2312,"href":"https:\/\/sinspeb.org.br\/index.php?rest_route=\/wp\/v2\/posts\/2306\/revisions\/2312"}],"wp:featuredmedia":[{"embeddable":true,"href":"https:\/\/sinspeb.org.br\/index.php?rest_route=\/wp\/v2\/media\/2311"}],"wp:attachment":[{"href":"https:\/\/sinspeb.org.br\/index.php?rest_route=%2Fwp%2Fv2%2Fmedia&parent=2306"}],"wp:term":[{"taxonomy":"category","embeddable":true,"href":"https:\/\/sinspeb.org.br\/index.php?rest_route=%2Fwp%2Fv2%2Fcategories&post=2306"},{"taxonomy":"post_tag","embeddable":true,"href":"https:\/\/sinspeb.org.br\/index.php?rest_route=%2Fwp%2Fv2%2Ftags&post=2306"}],"curies":[{"name":"wp","href":"https:\/\/api.w.org\/{rel}","templated":true}]}}