{"id":2313,"date":"2021-06-10T08:43:18","date_gmt":"2021-06-10T11:43:18","guid":{"rendered":"http:\/\/sinspeb.org.br\/?p=2313"},"modified":"2021-06-10T08:43:18","modified_gmt":"2021-06-10T11:43:18","slug":"2313","status":"publish","type":"post","link":"https:\/\/sinspeb.org.br\/?p=2313","title":{"rendered":""},"content":{"rendered":"<p><strong>SINSPPEB repudia veementemente a postura do Diretor do CPFS<\/strong><\/p>\n<p>&nbsp;<\/p>\n<p><img fetchpriority=\"high\" decoding=\"async\" class=\"size-medium wp-image-2314 aligncenter\" src=\"http:\/\/sinspeb.org.br\/wp-content\/uploads\/2021\/06\/20210610_082206_0000-300x213.png\" alt=\"\" width=\"300\" height=\"213\" srcset=\"https:\/\/sinspeb.org.br\/wp-content\/uploads\/2021\/06\/20210610_082206_0000-300x213.png 300w, https:\/\/sinspeb.org.br\/wp-content\/uploads\/2021\/06\/20210610_082206_0000-1024x726.png 1024w, https:\/\/sinspeb.org.br\/wp-content\/uploads\/2021\/06\/20210610_082206_0000-768x545.png 768w, https:\/\/sinspeb.org.br\/wp-content\/uploads\/2021\/06\/20210610_082206_0000-1536x1090.png 1536w, https:\/\/sinspeb.org.br\/wp-content\/uploads\/2021\/06\/20210610_082206_0000.png 1748w\" sizes=\"(max-width: 300px) 100vw, 300px\" \/><\/p>\n<p>&nbsp;<\/p>\n<p>O Sindicato dos Servidores da Pol\u00edcia Penal do Estado da Bahia (SINSPPEB), repudia, de forma veemente, a postura adotada pelo Diretor do Conjunto Penal de Feira de Santana (CPFS), Allan Silva Ara\u00fajo, por conta da falta de sensibilidade, arbitrariedade, autoritarismo, irresponsabilidade e perversidade, com a exposi\u00e7\u00e3o do documento Boletim Interno 05\/2021 (timbrado como sigiloso), nos murais da Administra\u00e7\u00e3o e, bem como, em frente aos pavilh\u00f5es 03 e 09 da unidade (locais de intenso tr\u00e2nsito de apenados), no s\u00e1bado (05\/06).<\/p>\n<p>O teor do documento assustou e indignou todos os Servidores da Pol\u00edcia Penal, devido tamanha exposi\u00e7\u00e3o e constrangimento imposto pelo Diretor, pondo em risco a integridade f\u00edsica e a vida dos Servidores Penitenci\u00e1rios lotados no CPFS.<\/p>\n<p>Entendemos como lament\u00e1vel, descabida, desrespeitosa e desnecess\u00e1ria a atitude do Diretor do CPFS, ficando n\u00edtido seu autoritarismo, bem como, a tentativa leviana e irrespons\u00e1vel de transferir para os Servidores da Pol\u00edcia Penal a responsabilidade e a culpa pela crise institucional estabelecida no maior Conjunto Prisional do Estado da Bahia. Tal crise, de conhecimento p\u00fablico e instalada h\u00e1 anos no CPFS, constantemente \u00e9 tema de den\u00fancias realizadas pelo SINSPPEB ao Secret\u00e1rio de Administra\u00e7\u00e3o Penitenci\u00e1ria e Ressocializa\u00e7\u00e3o, Nestor Duarte, bem como, aos \u00f3rg\u00e3os fiscalizadores da execu\u00e7\u00e3o penal.<\/p>\n<p>S\u00e3o in\u00fameros os problemas encontrados e enfrentados diariamente pelos Policiais Penais e demais Servidores Penitenci\u00e1rios da referida unidade prisional, como: o baixo efetivo de policiais penais por plant\u00e3o, o consequente desrespeito aos direitos e assist\u00eancias previstos \u00e0s pessoas privadas de liberdade pela LEP (Lei de Execu\u00e7\u00e3o Penal), a p\u00e9ssima gest\u00e3o realizada por este truculento gestor, falta de moderniza\u00e7\u00e3o dos equipamentos indispens\u00e1veis para manuten\u00e7\u00e3o da seguran\u00e7a do estabelecimento penal, a exemplo de bloqueadores de sinal de telefonia m\u00f3vel e sistema de monitoramento por c\u00e2meras, bem como o abandono de mais de 90% das guaritas por parte do Comando da Pol\u00edcia Militar e a consequente falta de condi\u00e7\u00f5es de trabalho sistematicamente imposta aos profissionais respons\u00e1veis pela execu\u00e7\u00e3o penal.<\/p>\n<p>Diante deste flagrante ass\u00e9dio moral acompanhado de pr\u00e1tica cruel e desumana para com \u00e0queles(as) que enfrentam algum problema de sa\u00fade, a Gest\u00e3o UFC do SINSPPEB manifesta toda a solidariedade e apoio irrestrito ao conjunto destes profissionais que est\u00e3o sendo violentados e ressaltamos que n\u00e3o aceitaremos que direitos sejam violados.<\/p>\n<p>A GEST\u00c3O UFC DO SINSPPEB, vem a p\u00fablico mais uma vez repudiar incisivamente a conduta ditatorial e desrespeitosa do Diretor Allan Ara\u00fajo na gest\u00e3o do Conjunto Penal de Feira de Santana, ao tempo que apela ao Governador Rui Costa (PT) provid\u00eancias para por fim aos desmandos do Gestor deste que \u00e9 um dos maiores estabelecimentos prisionais do Brasil.<\/p>\n<p>Aproveitamos para fazer nova convoca\u00e7\u00e3o para que, nesta sexta-feira (11\/06) \u00e0s 09hs, todos os Servidores da Pol\u00edcia Penal do Conjunto Penal de Feira de Santana, se fa\u00e7am presentes \u00e0 Assembleia Extraordin\u00e1ria, pois esta situa\u00e7\u00e3o de inseguran\u00e7a e desrespeito no CPFS causada pelo Diretor, j\u00e1 extrapolou todos os limites aceit\u00e1veis, requerendo um posicionamento en\u00e9rgico de todos os pais e m\u00e3es de fam\u00edlias honradas e cumpridores dos seus deveres enquanto Servidores e Servidoras.<\/p>\n<p>Gest\u00e3o UFC e voc\u00ea, Unidos com certeza somos muito mais fortes.<\/p>\n<p>&nbsp;<\/p>\n<p>Salvador, 09.06.2021<\/p>\n<p><strong>Ascom \u2013 SINSPPEB<\/strong><\/p>\n","protected":false},"excerpt":{"rendered":"<p>SINSPPEB repudia veementemente a postura do Diretor do CPFS &nbsp; &nbsp; O Sindicato dos Servidores da Pol\u00edcia Penal do Estado<\/p>\n","protected":false},"author":3,"featured_media":2314,"comment_status":"open","ping_status":"open","sticky":false,"template":"","format":"standard","meta":{"colormag_page_container_layout":"default_layout","colormag_page_sidebar_layout":"default_layout","footnotes":""},"categories":[45,1],"tags":[],"class_list":["post-2313","post","type-post","status-publish","format-standard","has-post-thumbnail","hentry","category-importante","category-noticias"],"_links":{"self":[{"href":"https:\/\/sinspeb.org.br\/index.php?rest_route=\/wp\/v2\/posts\/2313","targetHints":{"allow":["GET"]}}],"collection":[{"href":"https:\/\/sinspeb.org.br\/index.php?rest_route=\/wp\/v2\/posts"}],"about":[{"href":"https:\/\/sinspeb.org.br\/index.php?rest_route=\/wp\/v2\/types\/post"}],"author":[{"embeddable":true,"href":"https:\/\/sinspeb.org.br\/index.php?rest_route=\/wp\/v2\/users\/3"}],"replies":[{"embeddable":true,"href":"https:\/\/sinspeb.org.br\/index.php?rest_route=%2Fwp%2Fv2%2Fcomments&post=2313"}],"version-history":[{"count":1,"href":"https:\/\/sinspeb.org.br\/index.php?rest_route=\/wp\/v2\/posts\/2313\/revisions"}],"predecessor-version":[{"id":2315,"href":"https:\/\/sinspeb.org.br\/index.php?rest_route=\/wp\/v2\/posts\/2313\/revisions\/2315"}],"wp:featuredmedia":[{"embeddable":true,"href":"https:\/\/sinspeb.org.br\/index.php?rest_route=\/wp\/v2\/media\/2314"}],"wp:attachment":[{"href":"https:\/\/sinspeb.org.br\/index.php?rest_route=%2Fwp%2Fv2%2Fmedia&parent=2313"}],"wp:term":[{"taxonomy":"category","embeddable":true,"href":"https:\/\/sinspeb.org.br\/index.php?rest_route=%2Fwp%2Fv2%2Fcategories&post=2313"},{"taxonomy":"post_tag","embeddable":true,"href":"https:\/\/sinspeb.org.br\/index.php?rest_route=%2Fwp%2Fv2%2Ftags&post=2313"}],"curies":[{"name":"wp","href":"https:\/\/api.w.org\/{rel}","templated":true}]}}