{"id":2316,"date":"2021-06-10T12:33:37","date_gmt":"2021-06-10T15:33:37","guid":{"rendered":"http:\/\/sinspeb.org.br\/?p=2316"},"modified":"2021-06-10T12:33:37","modified_gmt":"2021-06-10T15:33:37","slug":"%f0%9f%97%a3%ef%b8%8f-convocacao-para-assembleia-geral-extraordinaria-no-cpfs-2","status":"publish","type":"post","link":"https:\/\/sinspeb.org.br\/?p=2316","title":{"rendered":"\ud83d\udde3\ufe0f CONVOCA\u00c7\u00c3O PARA ASSEMBLEIA GERAL EXTRAORDIN\u00c1RIA NO CPFS!!!"},"content":{"rendered":"<p>O Presidente do Sindicato dos Servidores da Pol\u00edcia Penal do Estado da Bahia-SINSPPEB, Reivon Pimentel, convoca todos Servidores do Conjunto Penal de Feira de Santana-CPFS para participarem de Assembleia Geral Extraordin\u00e1ria.<\/p>\n<p>SALIENTAMOS QUE A SITUA\u00c7\u00c3O NO CPFS \u00c9 EXTREMAMENTE GRAVE, PORQUE O BAIXO EFETIVO DE POLICIAIS PENAIS POR PLANT\u00c3O TEM GERADO CRISE NA SEGURAN\u00c7A. AL\u00c9M DISSO, FREQUENTEMENTE O DIRETOR ALLAN SILVA ARA\u00daJO, DE FORMA DITATORIAL TEM OPRIMIDO OS SERVIDORES LOTADOS NA UNIDADE. FRISAMOS AINDA, QUE DENTRE OUTRAS ARBITRARIEDADES, DE MANEIRA ILEGAL, O CITADO DIRETOR ESTABELECEU UMA ESCALA OBRIGAT\u00d3RIA DE SERVI\u00c7O EXTRAORDIN\u00c1RIO, DEMONSTRANDO ASSIM, TOTAL DESRESPEITO PELA CATEGORIA.<\/p>\n<p>\ud83d\udca1Por isso, diante de toda esta problem\u00e1tica, faz-se necess\u00e1ria a presen\u00e7a de todos os Servidores dos 04 (quatro) plant\u00f5es do CPFS, pois as ilegalidades mencionadas acima afetam diretamente a TODOS! \ud83d\udca1<\/p>\n<p>GEST\u00c3O UFC \u2013 JUNTOS SOMOS MAIS FORTES! \ud83e\udd1c\ud83c\udffc\ud83e\udd1b\ud83c\udffc<\/p>\n<p>ASCOM &#8211; SINSPPEB<\/p>\n","protected":false},"excerpt":{"rendered":"<p>O Presidente do Sindicato dos Servidores da Pol\u00edcia Penal do Estado da Bahia-SINSPPEB, Reivon Pimentel, convoca todos Servidores do Conjunto<\/p>\n","protected":false},"author":3,"featured_media":2303,"comment_status":"open","ping_status":"open","sticky":false,"template":"","format":"standard","meta":{"colormag_page_container_layout":"default_layout","colormag_page_sidebar_layout":"default_layout","footnotes":""},"categories":[45,1],"tags":[],"class_list":["post-2316","post","type-post","status-publish","format-standard","has-post-thumbnail","hentry","category-importante","category-noticias"],"_links":{"self":[{"href":"https:\/\/sinspeb.org.br\/index.php?rest_route=\/wp\/v2\/posts\/2316","targetHints":{"allow":["GET"]}}],"collection":[{"href":"https:\/\/sinspeb.org.br\/index.php?rest_route=\/wp\/v2\/posts"}],"about":[{"href":"https:\/\/sinspeb.org.br\/index.php?rest_route=\/wp\/v2\/types\/post"}],"author":[{"embeddable":true,"href":"https:\/\/sinspeb.org.br\/index.php?rest_route=\/wp\/v2\/users\/3"}],"replies":[{"embeddable":true,"href":"https:\/\/sinspeb.org.br\/index.php?rest_route=%2Fwp%2Fv2%2Fcomments&post=2316"}],"version-history":[{"count":1,"href":"https:\/\/sinspeb.org.br\/index.php?rest_route=\/wp\/v2\/posts\/2316\/revisions"}],"predecessor-version":[{"id":2317,"href":"https:\/\/sinspeb.org.br\/index.php?rest_route=\/wp\/v2\/posts\/2316\/revisions\/2317"}],"wp:featuredmedia":[{"embeddable":true,"href":"https:\/\/sinspeb.org.br\/index.php?rest_route=\/wp\/v2\/media\/2303"}],"wp:attachment":[{"href":"https:\/\/sinspeb.org.br\/index.php?rest_route=%2Fwp%2Fv2%2Fmedia&parent=2316"}],"wp:term":[{"taxonomy":"category","embeddable":true,"href":"https:\/\/sinspeb.org.br\/index.php?rest_route=%2Fwp%2Fv2%2Fcategories&post=2316"},{"taxonomy":"post_tag","embeddable":true,"href":"https:\/\/sinspeb.org.br\/index.php?rest_route=%2Fwp%2Fv2%2Ftags&post=2316"}],"curies":[{"name":"wp","href":"https:\/\/api.w.org\/{rel}","templated":true}]}}