{"id":2330,"date":"2021-06-15T14:16:30","date_gmt":"2021-06-15T17:16:30","guid":{"rendered":"http:\/\/sinspeb.org.br\/?p=2330"},"modified":"2021-06-15T14:16:30","modified_gmt":"2021-06-15T17:16:30","slug":"audiencia-publica","status":"publish","type":"post","link":"https:\/\/sinspeb.org.br\/?p=2330","title":{"rendered":"AUDI\u00caNCIA P\u00daBLICA"},"content":{"rendered":"<p>A Diretoria do SINSPPEB convoca todos os Servidores da Pol\u00edcia Penal para na pr\u00f3xima sexta-feira (18\/06\/2021) \u00e0s 09h, participarem desta Audi\u00eancia P\u00fablica, que ser\u00e1 realizada por meio da Plataforma virtual Zoom.<\/p>\n<p>Tema: ENCARCERAMENTO DA JUVENTUDE NEGRA E A POPULA\u00c7\u00c3O CARCER\u00c1RIA NA BAHIA.<\/p>\n<p>Participar\u00e3o desta Audi\u00eancia, o Presidente e o Diretor Jur\u00eddico do SINSPPEB, Reivon Pimentel e Ramon Carvalhal.<\/p>\n<p><img fetchpriority=\"high\" decoding=\"async\" class=\"alignnone size-medium wp-image-2331\" src=\"http:\/\/sinspeb.org.br\/wp-content\/uploads\/2021\/06\/IMG-20210615-WA00372-300x292.jpg\" alt=\"\" width=\"300\" height=\"292\" \/><\/p>\n<p>\u2705 Na sexta-feira postaremos o link, ID e a senha de acesso do Zoom.<\/p>\n<p>ASCOM &#8211; SINSPPEB<\/p>\n","protected":false},"excerpt":{"rendered":"<p>A Diretoria do SINSPPEB convoca todos os Servidores da Pol\u00edcia Penal para na pr\u00f3xima sexta-feira (18\/06\/2021) \u00e0s 09h, participarem desta<\/p>\n","protected":false},"author":3,"featured_media":0,"comment_status":"open","ping_status":"open","sticky":false,"template":"","format":"standard","meta":{"colormag_page_container_layout":"default_layout","colormag_page_sidebar_layout":"default_layout","footnotes":""},"categories":[45,1],"tags":[],"class_list":["post-2330","post","type-post","status-publish","format-standard","hentry","category-importante","category-noticias"],"_links":{"self":[{"href":"https:\/\/sinspeb.org.br\/index.php?rest_route=\/wp\/v2\/posts\/2330","targetHints":{"allow":["GET"]}}],"collection":[{"href":"https:\/\/sinspeb.org.br\/index.php?rest_route=\/wp\/v2\/posts"}],"about":[{"href":"https:\/\/sinspeb.org.br\/index.php?rest_route=\/wp\/v2\/types\/post"}],"author":[{"embeddable":true,"href":"https:\/\/sinspeb.org.br\/index.php?rest_route=\/wp\/v2\/users\/3"}],"replies":[{"embeddable":true,"href":"https:\/\/sinspeb.org.br\/index.php?rest_route=%2Fwp%2Fv2%2Fcomments&post=2330"}],"version-history":[{"count":2,"href":"https:\/\/sinspeb.org.br\/index.php?rest_route=\/wp\/v2\/posts\/2330\/revisions"}],"predecessor-version":[{"id":2334,"href":"https:\/\/sinspeb.org.br\/index.php?rest_route=\/wp\/v2\/posts\/2330\/revisions\/2334"}],"wp:attachment":[{"href":"https:\/\/sinspeb.org.br\/index.php?rest_route=%2Fwp%2Fv2%2Fmedia&parent=2330"}],"wp:term":[{"taxonomy":"category","embeddable":true,"href":"https:\/\/sinspeb.org.br\/index.php?rest_route=%2Fwp%2Fv2%2Fcategories&post=2330"},{"taxonomy":"post_tag","embeddable":true,"href":"https:\/\/sinspeb.org.br\/index.php?rest_route=%2Fwp%2Fv2%2Ftags&post=2330"}],"curies":[{"name":"wp","href":"https:\/\/api.w.org\/{rel}","templated":true}]}}