{"id":2338,"date":"2021-06-16T10:24:19","date_gmt":"2021-06-16T13:24:19","guid":{"rendered":"http:\/\/sinspeb.org.br\/?p=2338"},"modified":"2021-06-16T10:24:19","modified_gmt":"2021-06-16T13:24:19","slug":"nota-de-pesar-16","status":"publish","type":"post","link":"https:\/\/sinspeb.org.br\/?p=2338","title":{"rendered":"NOTA DE PESAR"},"content":{"rendered":"<p>\u00c9 com extremo pesar que o Sindicato dos Servidores da Pol\u00edcia Penal do Estado da Bahia-SINSPPEB, informa sobre o falecimento da Senhora Irailda Santos do Nascimento, M\u00e3e do Policial Penal J\u00falio Nascimento, lotado na UPE.<\/p>\n<p>N\u00e3o h\u00e1 nenhuma dor que se compare \u00e0 perda de um ente querido. N\u00e3o h\u00e1 nada que repare o sofrimento de ver algu\u00e9m que amamos partir. Para quem fica, resta a saudade, a tristeza e a inconformidade. O tempo n\u00e3o ir\u00e1 apagar a dor e a saudade, mas certamente ir\u00e1 apaziguar e amenizar tamanho sofrimento.<\/p>\n<p>A Cerim\u00f4nia F\u00fanebre ser\u00e1 realizada hoje (16.06.21) \u00e0s 15h no Cemit\u00e9rio Bosque da Paz. J\u00e1 o sepultamento ser\u00e1 \u00e0s 16h30min.<\/p>\n<p>Por isso, muito respeitosamente prestamos as nossas condol\u00eancias e deixamos nossos mais sinceros p\u00easames.<\/p>\n<p>ASCOM-SINSPPEB<\/p>\n","protected":false},"excerpt":{"rendered":"<p>\u00c9 com extremo pesar que o Sindicato dos Servidores da Pol\u00edcia Penal do Estado da Bahia-SINSPPEB, informa sobre o falecimento<\/p>\n","protected":false},"author":3,"featured_media":1983,"comment_status":"open","ping_status":"open","sticky":false,"template":"","format":"standard","meta":{"colormag_page_container_layout":"default_layout","colormag_page_sidebar_layout":"default_layout","footnotes":""},"categories":[45,1],"tags":[],"class_list":["post-2338","post","type-post","status-publish","format-standard","has-post-thumbnail","hentry","category-importante","category-noticias"],"_links":{"self":[{"href":"https:\/\/sinspeb.org.br\/index.php?rest_route=\/wp\/v2\/posts\/2338","targetHints":{"allow":["GET"]}}],"collection":[{"href":"https:\/\/sinspeb.org.br\/index.php?rest_route=\/wp\/v2\/posts"}],"about":[{"href":"https:\/\/sinspeb.org.br\/index.php?rest_route=\/wp\/v2\/types\/post"}],"author":[{"embeddable":true,"href":"https:\/\/sinspeb.org.br\/index.php?rest_route=\/wp\/v2\/users\/3"}],"replies":[{"embeddable":true,"href":"https:\/\/sinspeb.org.br\/index.php?rest_route=%2Fwp%2Fv2%2Fcomments&post=2338"}],"version-history":[{"count":1,"href":"https:\/\/sinspeb.org.br\/index.php?rest_route=\/wp\/v2\/posts\/2338\/revisions"}],"predecessor-version":[{"id":2339,"href":"https:\/\/sinspeb.org.br\/index.php?rest_route=\/wp\/v2\/posts\/2338\/revisions\/2339"}],"wp:featuredmedia":[{"embeddable":true,"href":"https:\/\/sinspeb.org.br\/index.php?rest_route=\/wp\/v2\/media\/1983"}],"wp:attachment":[{"href":"https:\/\/sinspeb.org.br\/index.php?rest_route=%2Fwp%2Fv2%2Fmedia&parent=2338"}],"wp:term":[{"taxonomy":"category","embeddable":true,"href":"https:\/\/sinspeb.org.br\/index.php?rest_route=%2Fwp%2Fv2%2Fcategories&post=2338"},{"taxonomy":"post_tag","embeddable":true,"href":"https:\/\/sinspeb.org.br\/index.php?rest_route=%2Fwp%2Fv2%2Ftags&post=2338"}],"curies":[{"name":"wp","href":"https:\/\/api.w.org\/{rel}","templated":true}]}}