{"id":2348,"date":"2021-06-17T11:27:50","date_gmt":"2021-06-17T14:27:50","guid":{"rendered":"http:\/\/sinspeb.org.br\/?p=2348"},"modified":"2021-06-17T11:27:50","modified_gmt":"2021-06-17T14:27:50","slug":"representantes-do-sinsppeb-se-reunem-com-promotora-de-justica-em-prol-da-aprovacao-da-pec-160-2020","status":"publish","type":"post","link":"https:\/\/sinspeb.org.br\/?p=2348","title":{"rendered":"REPRESENTANTES DO SINSPPEB SE RE\u00daNEM COM PROMOTORA DE JUSTI\u00c7A EM PROL DA APROVA\u00c7\u00c3O DA PEC 160\/2020"},"content":{"rendered":"<p>Na manh\u00e3 desta quarta-feira, 16\/06\/2021, a Gest\u00e3o UFC do Sindicato dos Servidores da Pol\u00edcia Penal do Estado da Bahia &#8211; SINSPPEB, representada pelo Presidente Reivon Pimentel, Vice-Presidente Fernando Fernandes e Coord. Eventos Jorge Bastos, reuniu-se com a Promotora de Justi\u00e7a Dra. Andr\u00e9a Ariadna Santos Correia e sua Assessoria, na sede do Minist\u00e9rio P\u00fablico do Estado da Bahia (MPE), visando obter apoio \u00e0 implanta\u00e7\u00e3o da Pol\u00edcia Penal da Bahia.<\/p>\n<p>Na ocasi\u00e3o, trouxemos \u00e0 baila a morosidade na tramita\u00e7\u00e3o da Proposta de Emenda \u00e0 Constitui\u00e7\u00e3o &#8211; PEC 160\/2020, com expediente na Assembleia Legislativa da Bahia, os embr\u00f3glios que envolvem a Pol\u00edcia Penal e a pol\u00edtica de cogestao de unidades prisionais do Estado, o rec\u00e9m institu\u00eddo grupo de trabalho e sua composi\u00e7\u00e3o sem a representa\u00e7\u00e3o leg\u00edtima da categoria, causando imensa insatisfa\u00e7\u00e3o entre os servidores, bem como, a inten\u00e7\u00e3o dos Policiais Penais baianos de iniciarem uma s\u00e9rie de paralisa\u00e7\u00f5es at\u00e9 que a Pol\u00edcia Penal da Bahia seja definitivamente implementada.<\/p>\n<p>Enfatizamos tamb\u00e9m sobre o grave d\u00e9ficit de policiais penais nas unidades prisionais e a acentua\u00e7\u00e3o do cen\u00e1rio em raz\u00e3o dos processos de aposentadoria em curso, o que poder\u00e1 impactar numa redu\u00e7\u00e3o de cerca de 40% do atual efetivo, que j\u00e1 est\u00e1 longe do m\u00ednimo necess\u00e1rio.<\/p>\n<p>A Gest\u00e3o UFC destaca e parabeniza \u00e0 atua\u00e7\u00e3o da Promotora Dra. Andr\u00e9a Ariadna e sua Assessoria, pelo conhecimento e intera\u00e7\u00e3o acerca dos assuntos abordados na reuni\u00e3o.<\/p>\n<p>&nbsp;<\/p>\n<p>Ascom &#8211; SINSPPEB<\/p>\n","protected":false},"excerpt":{"rendered":"<p>Na manh\u00e3 desta quarta-feira, 16\/06\/2021, a Gest\u00e3o UFC do Sindicato dos Servidores da Pol\u00edcia Penal do Estado da Bahia &#8211;<\/p>\n","protected":false},"author":3,"featured_media":2349,"comment_status":"open","ping_status":"open","sticky":false,"template":"","format":"standard","meta":{"colormag_page_container_layout":"default_layout","colormag_page_sidebar_layout":"default_layout","footnotes":""},"categories":[45,1],"tags":[],"class_list":["post-2348","post","type-post","status-publish","format-standard","has-post-thumbnail","hentry","category-importante","category-noticias"],"_links":{"self":[{"href":"https:\/\/sinspeb.org.br\/index.php?rest_route=\/wp\/v2\/posts\/2348","targetHints":{"allow":["GET"]}}],"collection":[{"href":"https:\/\/sinspeb.org.br\/index.php?rest_route=\/wp\/v2\/posts"}],"about":[{"href":"https:\/\/sinspeb.org.br\/index.php?rest_route=\/wp\/v2\/types\/post"}],"author":[{"embeddable":true,"href":"https:\/\/sinspeb.org.br\/index.php?rest_route=\/wp\/v2\/users\/3"}],"replies":[{"embeddable":true,"href":"https:\/\/sinspeb.org.br\/index.php?rest_route=%2Fwp%2Fv2%2Fcomments&post=2348"}],"version-history":[{"count":1,"href":"https:\/\/sinspeb.org.br\/index.php?rest_route=\/wp\/v2\/posts\/2348\/revisions"}],"predecessor-version":[{"id":2350,"href":"https:\/\/sinspeb.org.br\/index.php?rest_route=\/wp\/v2\/posts\/2348\/revisions\/2350"}],"wp:featuredmedia":[{"embeddable":true,"href":"https:\/\/sinspeb.org.br\/index.php?rest_route=\/wp\/v2\/media\/2349"}],"wp:attachment":[{"href":"https:\/\/sinspeb.org.br\/index.php?rest_route=%2Fwp%2Fv2%2Fmedia&parent=2348"}],"wp:term":[{"taxonomy":"category","embeddable":true,"href":"https:\/\/sinspeb.org.br\/index.php?rest_route=%2Fwp%2Fv2%2Fcategories&post=2348"},{"taxonomy":"post_tag","embeddable":true,"href":"https:\/\/sinspeb.org.br\/index.php?rest_route=%2Fwp%2Fv2%2Ftags&post=2348"}],"curies":[{"name":"wp","href":"https:\/\/api.w.org\/{rel}","templated":true}]}}