{"id":2351,"date":"2021-06-17T20:32:35","date_gmt":"2021-06-17T23:32:35","guid":{"rendered":"http:\/\/sinspeb.org.br\/?p=2351"},"modified":"2021-06-17T20:39:43","modified_gmt":"2021-06-17T23:39:43","slug":"%f0%9f%97%a3%ef%b8%8fconvocacao-para-assembleia-geral-extraordinaria-na-portaria-da-seap","status":"publish","type":"post","link":"https:\/\/sinspeb.org.br\/?p=2351","title":{"rendered":"\ud83d\udde3\ufe0fCONVOCA\u00c7\u00c3O PARA ASSEMBLEIA GERAL EXTRAORDIN\u00c1RIA NA PORTARIA DA SEAP!!!"},"content":{"rendered":"<p><img fetchpriority=\"high\" decoding=\"async\" class=\"alignnone size-medium wp-image-2352\" src=\"http:\/\/sinspeb.org.br\/wp-content\/uploads\/2021\/06\/Cartaz-da-Assembleia-Portaria-da-SEAP--212x300.png\" alt=\"\" width=\"212\" height=\"300\" \/><\/p>\n<p>O Presidente do Sindicato dos Servidores da Pol\u00edcia Penal do Estado da Bahia-SINSPPEB, Reivon Pimentel, convoca todos Servidores do ESTADO DA BAHIA para participarem de Assembleia Geral Extraordin\u00e1ria na Portaria da Secretaria de Administra\u00e7\u00e3o Penitenci\u00e1ria e Ressocializa\u00e7\u00e3o do Estado da Bahia-SEAP\/BA.<\/p>\n<p>J\u00c1 PASSOU DA HORA DA PEC DA POL\u00cdCIA PENAL SER APROVADA NO ESTADO DA BAHIA! VAMOS NOS UNIR E REIVINDICAR NOSSO DIREITO! N\u00c3O BASTA APENAS OS REPRESENTANTES DA CATEGORIA SE MOBILIZAREM. O SINDICATO SOMOS TODOS N\u00d3S!<\/p>\n<p>\u2705 LOCAL: PORTARIA DA SEAP.<\/p>\n<p>\u2705 DATA: 30.06.2021.<\/p>\n<p>\u2705 HOR\u00c1RIO: 09H EM PRIMEIRA CHAMADA E \u00c0S 09H30 EM SEGUNDA E \u00daLTIMA CHAMADA.<\/p>\n<p>GEST\u00c3O UFC &#8211; JUNTOS SOMOS MAIS FORTES, UNIDOS SOMOS IMBAT\u00cdVEIS! \ud83e\udd1c\ud83c\udffc\ud83e\udd1b\ud83c\udffc<\/p>\n<p>ASCOM &#8211; SINSPPEB<\/p>\n","protected":false},"excerpt":{"rendered":"<p>O Presidente do Sindicato dos Servidores da Pol\u00edcia Penal do Estado da Bahia-SINSPPEB, Reivon Pimentel, convoca todos Servidores do ESTADO<\/p>\n","protected":false},"author":3,"featured_media":2352,"comment_status":"open","ping_status":"open","sticky":false,"template":"","format":"standard","meta":{"colormag_page_container_layout":"default_layout","colormag_page_sidebar_layout":"default_layout","footnotes":""},"categories":[45,1],"tags":[],"class_list":["post-2351","post","type-post","status-publish","format-standard","has-post-thumbnail","hentry","category-importante","category-noticias"],"_links":{"self":[{"href":"https:\/\/sinspeb.org.br\/index.php?rest_route=\/wp\/v2\/posts\/2351","targetHints":{"allow":["GET"]}}],"collection":[{"href":"https:\/\/sinspeb.org.br\/index.php?rest_route=\/wp\/v2\/posts"}],"about":[{"href":"https:\/\/sinspeb.org.br\/index.php?rest_route=\/wp\/v2\/types\/post"}],"author":[{"embeddable":true,"href":"https:\/\/sinspeb.org.br\/index.php?rest_route=\/wp\/v2\/users\/3"}],"replies":[{"embeddable":true,"href":"https:\/\/sinspeb.org.br\/index.php?rest_route=%2Fwp%2Fv2%2Fcomments&post=2351"}],"version-history":[{"count":1,"href":"https:\/\/sinspeb.org.br\/index.php?rest_route=\/wp\/v2\/posts\/2351\/revisions"}],"predecessor-version":[{"id":2353,"href":"https:\/\/sinspeb.org.br\/index.php?rest_route=\/wp\/v2\/posts\/2351\/revisions\/2353"}],"wp:featuredmedia":[{"embeddable":true,"href":"https:\/\/sinspeb.org.br\/index.php?rest_route=\/wp\/v2\/media\/2352"}],"wp:attachment":[{"href":"https:\/\/sinspeb.org.br\/index.php?rest_route=%2Fwp%2Fv2%2Fmedia&parent=2351"}],"wp:term":[{"taxonomy":"category","embeddable":true,"href":"https:\/\/sinspeb.org.br\/index.php?rest_route=%2Fwp%2Fv2%2Fcategories&post=2351"},{"taxonomy":"post_tag","embeddable":true,"href":"https:\/\/sinspeb.org.br\/index.php?rest_route=%2Fwp%2Fv2%2Ftags&post=2351"}],"curies":[{"name":"wp","href":"https:\/\/api.w.org\/{rel}","templated":true}]}}