{"id":2354,"date":"2021-06-17T21:31:43","date_gmt":"2021-06-18T00:31:43","guid":{"rendered":"http:\/\/sinspeb.org.br\/?p=2354"},"modified":"2021-06-17T22:06:43","modified_gmt":"2021-06-18T01:06:43","slug":"parabens-servidores-aposentados","status":"publish","type":"post","link":"https:\/\/sinspeb.org.br\/?p=2354","title":{"rendered":"Parab\u00e9ns, Servidores Aposentados!"},"content":{"rendered":"<p dir=\"ltr\"><img fetchpriority=\"high\" decoding=\"async\" class=\"alignnone size-medium wp-image-2355\" src=\"http:\/\/sinspeb.org.br\/wp-content\/uploads\/2021\/06\/IMG-20210617-WA0080-300x300.jpg\" alt=\"\" width=\"300\" height=\"300\" \/><\/p>\n<p dir=\"ltr\">Hoje, 17 de junho, \u00e9 comemorado o Dia do Servidor P\u00fablico Aposentado. E nesta data comemorativa, a Gest\u00e3o UFC do Sindicato dos Servidores da Pol\u00edcia Penal da Bahia &#8211; SINSPPEB, tem a imensa satisfa\u00e7\u00e3o em parabenizar todos os Servidores da Pol\u00edcia Penal Aposentados, que tanto contribu\u00edram e se empenharam para constru\u00e7\u00e3o do Sistema de Defesa Social, tornando-se refer\u00eancia para os novos Servidores, tanto pelo legado deixado, quanto pelo engajamento na luta pela valoriza\u00e7\u00e3o da categoria.<\/p>\n<p dir=\"ltr\">As experi\u00eancias compartilhadas pelos Aposentados s\u00e3o de grande valia, tanto para o presente, quanto para o futuro.<\/p>\n<p dir=\"ltr\"><b>Parab\u00e9ns, Servidores Aposentados!<\/b><\/p>\n<p dir=\"ltr\"><b>Ascom &#8211; SINSPPEB<\/b><\/p>\n","protected":false},"excerpt":{"rendered":"<p>Hoje, 17 de junho, \u00e9 comemorado o Dia do Servidor P\u00fablico Aposentado. E nesta data comemorativa, a Gest\u00e3o UFC do<\/p>\n","protected":false},"author":3,"featured_media":2355,"comment_status":"open","ping_status":"open","sticky":false,"template":"","format":"standard","meta":{"colormag_page_container_layout":"default_layout","colormag_page_sidebar_layout":"default_layout","footnotes":""},"categories":[2,45],"tags":[],"class_list":["post-2354","post","type-post","status-publish","format-standard","has-post-thumbnail","hentry","category-eventos","category-importante"],"_links":{"self":[{"href":"https:\/\/sinspeb.org.br\/index.php?rest_route=\/wp\/v2\/posts\/2354","targetHints":{"allow":["GET"]}}],"collection":[{"href":"https:\/\/sinspeb.org.br\/index.php?rest_route=\/wp\/v2\/posts"}],"about":[{"href":"https:\/\/sinspeb.org.br\/index.php?rest_route=\/wp\/v2\/types\/post"}],"author":[{"embeddable":true,"href":"https:\/\/sinspeb.org.br\/index.php?rest_route=\/wp\/v2\/users\/3"}],"replies":[{"embeddable":true,"href":"https:\/\/sinspeb.org.br\/index.php?rest_route=%2Fwp%2Fv2%2Fcomments&post=2354"}],"version-history":[{"count":2,"href":"https:\/\/sinspeb.org.br\/index.php?rest_route=\/wp\/v2\/posts\/2354\/revisions"}],"predecessor-version":[{"id":2357,"href":"https:\/\/sinspeb.org.br\/index.php?rest_route=\/wp\/v2\/posts\/2354\/revisions\/2357"}],"wp:featuredmedia":[{"embeddable":true,"href":"https:\/\/sinspeb.org.br\/index.php?rest_route=\/wp\/v2\/media\/2355"}],"wp:attachment":[{"href":"https:\/\/sinspeb.org.br\/index.php?rest_route=%2Fwp%2Fv2%2Fmedia&parent=2354"}],"wp:term":[{"taxonomy":"category","embeddable":true,"href":"https:\/\/sinspeb.org.br\/index.php?rest_route=%2Fwp%2Fv2%2Fcategories&post=2354"},{"taxonomy":"post_tag","embeddable":true,"href":"https:\/\/sinspeb.org.br\/index.php?rest_route=%2Fwp%2Fv2%2Ftags&post=2354"}],"curies":[{"name":"wp","href":"https:\/\/api.w.org\/{rel}","templated":true}]}}