{"id":237,"date":"2019-03-21T14:51:30","date_gmt":"2019-03-21T17:51:30","guid":{"rendered":"http:\/\/sinspeb.org.br\/?p=237"},"modified":"2019-03-21T14:54:38","modified_gmt":"2019-03-21T17:54:38","slug":"auditorias-coordenadas-do-sistema-prisional-tce","status":"publish","type":"post","link":"https:\/\/sinspeb.org.br\/?p=237","title":{"rendered":"Auditorias Coordenadas do Sistema Prisional &#8211; TCE"},"content":{"rendered":"<p>O Conselho Nacional dos Procuradores-Gerais de Contas (CNPGC) deliberou por iniciar estrat\u00e9gia de atua\u00e7\u00e3o regional que culminou no protocolo de uma Representa\u00e7\u00e3o feita pelo Minist\u00e9rio P\u00fablico de Contas do Estado da Bahia ao Tribunal de Contas do Estado da Bahia para realiza\u00e7\u00e3o de auditoria especial no \u00e2mbito da Secretaria de Administra\u00e7\u00e3o Penitenci\u00e1ria<br \/>\ne Ressocializa\u00e7\u00e3o (SEAP), respons\u00e1vel pela gest\u00e3o do sistema penitenci\u00e1rio estadual.<\/p>\n<p>Nesse contexto o TCE\/BA aderiu, no \u00e2mbito do estado da Bahia, a duas auditorias coordenadas pelo TCU nos sistemas prisionais dos entes federativos, realizadas no ano de 2017.<\/p>\n<p>Na primeira auditoria, buscou-se avaliar as estrat\u00e9gias do Estado para prevenir e conter rebeli\u00f5es no sistema prisional, os sistemas informatizados utilizados e a estrutura de gest\u00e3o do sistema para o acompanhamento da execu\u00e7\u00e3o das penas pelo Governo do Estado, pelo Poder Judici\u00e1rio, pela Defensoria P\u00fablica do Estado da Bahia (DPE\/BA) e pelo Minist\u00e9rio P\u00fablico do Estado da Bahia (MP\/BA).<\/p>\n<p>Na segunda auditoria, avaliou-se a aplica\u00e7\u00e3o dos recursos decorrentes de repasses na modalidade fundo a fundo, do Fundo Penitenci\u00e1rio Nacional (FUNPEN) aos fundos estaduais, para constru\u00e7\u00e3o ou amplia\u00e7\u00e3o de vagas em estabelecimentos penais e para aquisi\u00e7\u00e3o de solu\u00e7\u00e3o de monitora\u00e7\u00e3o eletr\u00f4nica (implementa\u00e7\u00e3o de servi\u00e7os de monitora\u00e7\u00e3o eletr\u00f4nica de pessoas), bem como aspectos relacionados \u00e0 governan\u00e7a do sistema prisional.<\/p>\n<p>Acesse o documento na \u00edntegra : <a href=\"http:\/\/sinspeb.org.br\/wp-content\/uploads\/2019\/03\/AUDITORIAS-COORDENADAS-DO-SISTEMA-PRISIONAL-TCE.pdf\">AUDITORIAS COORDENADAS DO SISTEMA PRISIONAL &#8211; TCE<\/a><\/p>\n","protected":false},"excerpt":{"rendered":"<p>O Conselho Nacional dos Procuradores-Gerais de Contas (CNPGC) deliberou por iniciar estrat\u00e9gia de atua\u00e7\u00e3o regional que culminou no protocolo de<\/p>\n","protected":false},"author":1,"featured_media":0,"comment_status":"open","ping_status":"open","sticky":false,"template":"","format":"standard","meta":{"colormag_page_container_layout":"default_layout","colormag_page_sidebar_layout":"default_layout","footnotes":""},"categories":[1],"tags":[],"class_list":["post-237","post","type-post","status-publish","format-standard","hentry","category-noticias"],"_links":{"self":[{"href":"https:\/\/sinspeb.org.br\/index.php?rest_route=\/wp\/v2\/posts\/237","targetHints":{"allow":["GET"]}}],"collection":[{"href":"https:\/\/sinspeb.org.br\/index.php?rest_route=\/wp\/v2\/posts"}],"about":[{"href":"https:\/\/sinspeb.org.br\/index.php?rest_route=\/wp\/v2\/types\/post"}],"author":[{"embeddable":true,"href":"https:\/\/sinspeb.org.br\/index.php?rest_route=\/wp\/v2\/users\/1"}],"replies":[{"embeddable":true,"href":"https:\/\/sinspeb.org.br\/index.php?rest_route=%2Fwp%2Fv2%2Fcomments&post=237"}],"version-history":[{"count":3,"href":"https:\/\/sinspeb.org.br\/index.php?rest_route=\/wp\/v2\/posts\/237\/revisions"}],"predecessor-version":[{"id":241,"href":"https:\/\/sinspeb.org.br\/index.php?rest_route=\/wp\/v2\/posts\/237\/revisions\/241"}],"wp:attachment":[{"href":"https:\/\/sinspeb.org.br\/index.php?rest_route=%2Fwp%2Fv2%2Fmedia&parent=237"}],"wp:term":[{"taxonomy":"category","embeddable":true,"href":"https:\/\/sinspeb.org.br\/index.php?rest_route=%2Fwp%2Fv2%2Fcategories&post=237"},{"taxonomy":"post_tag","embeddable":true,"href":"https:\/\/sinspeb.org.br\/index.php?rest_route=%2Fwp%2Fv2%2Ftags&post=237"}],"curies":[{"name":"wp","href":"https:\/\/api.w.org\/{rel}","templated":true}]}}