{"id":2376,"date":"2021-06-18T11:35:26","date_gmt":"2021-06-18T14:35:26","guid":{"rendered":"http:\/\/sinspeb.org.br\/?p=2376"},"modified":"2021-06-18T11:35:26","modified_gmt":"2021-06-18T14:35:26","slug":"continuando-a-busca-pelo-apoio-para-a-aprovacao-da-pec-da-policia-penal-representantes-do-sinsppeb-participam-de-reuniao-online-com-a-comissao-especial-de-sistema-prisional-e-seguranca-publica-da-oab","status":"publish","type":"post","link":"https:\/\/sinspeb.org.br\/?p=2376","title":{"rendered":"CONTINUANDO A BUSCA PELO APOIO PARA A APROVA\u00c7\u00c3O DA PEC DA POL\u00cdCIA PENAL, REPRESENTANTES DO SINSPPEB PARTICIPAM DE REUNI\u00c3O ONLINE COM A COMISS\u00c3O ESPECIAL DE SISTEMA PRISIONAL E SEGURAN\u00c7A P\u00daBLICA DA OAB"},"content":{"rendered":"<p><img decoding=\"async\" class=\"alignnone size-medium wp-image-2377\" src=\"http:\/\/sinspeb.org.br\/wp-content\/uploads\/2021\/06\/Reuniao-Online-22-300x160.png\" alt=\"\" width=\"300\" height=\"160\" srcset=\"https:\/\/sinspeb.org.br\/wp-content\/uploads\/2021\/06\/Reuniao-Online-22-300x160.png 300w, https:\/\/sinspeb.org.br\/wp-content\/uploads\/2021\/06\/Reuniao-Online-22-1024x548.png 1024w, https:\/\/sinspeb.org.br\/wp-content\/uploads\/2021\/06\/Reuniao-Online-22-768x411.png 768w, https:\/\/sinspeb.org.br\/wp-content\/uploads\/2021\/06\/Reuniao-Online-22-1536x821.png 1536w, https:\/\/sinspeb.org.br\/wp-content\/uploads\/2021\/06\/Reuniao-Online-22.png 1754w\" sizes=\"(max-width: 300px) 100vw, 300px\" \/><\/p>\n<p>Dando prosseguimento \u00e0s tratativas referentes \u00e0 aprova\u00e7\u00e3o da Proposta de Emenda \u00e0 Constitui\u00e7\u00e3o n\u00b0 160\/2020 (PEC da Pol\u00edcia Penal), os representantes do Sindicato dos Servidores da Pol\u00edcia Penal do Estado da Bahia-SINSPPEB, Fernando Fernandes e Jorge Bastos participaram de uma reuni\u00e3o online na tarde de ontem (17.06.21), com a Comiss\u00e3o Especial de Sistema Prisional e Seguran\u00e7a P\u00fablica da Ordem dos Advogados do Brasil &#8211; Se\u00e7\u00e3o Bahia.<\/p>\n<p>Na oportunidade, o Vice-Presidente Fernando Fernandes atualizou a Comiss\u00e3o acerca de como est\u00e1 a implanta\u00e7\u00e3o das Pol\u00edcias Penais nos demais Estados da Federa\u00e7\u00e3o e sobre a lentid\u00e3o da tramita\u00e7\u00e3o no Estado da Bahia. Fernandes ressaltou as benesses que a Pol\u00edcia Penal proporcionar\u00e1 ao Sistema Prisional e a Seguran\u00e7a P\u00fablica baiana, apontando principalmente para a possibilidade, de com a Pol\u00edcia Penal fortalecer a seguran\u00e7a no interior dos Estabelecimentos Penais, efetivando garantias legais \u00e0s pessoas privadas de liberdade, especialmente quanto a integridade f\u00edsica e ps\u00edquica, e todos os demais direitos n\u00e3o atingidos pela senten\u00e7a penal condenat\u00f3ria ou pela segrega\u00e7\u00e3o cautelar.<\/p>\n<p>&#8220;Chegou o momento de constru\u00e7\u00e3o de um servi\u00e7o penal lastreado pela tecnicidade, o que proporcionar\u00e1 um Sistema Prisional mais humanizado e seguro, que devolva para a sociedade um resultado satisfat\u00f3rio, seja no fiel prop\u00f3sito de segrega\u00e7\u00e3o da liberdade em decorr\u00eancia da san\u00e7\u00e3o penal, seja na efic\u00e1cia dos processos de reabilita\u00e7\u00e3o para o retorno ao conv\u00edvio social&#8221;, afirmou Fernando Fernandes.<\/p>\n<p>De posse de farta documenta\u00e7\u00e3o que foi enviada, a Comiss\u00e3o Especial de Sistema Prisional e Seguran\u00e7a P\u00fablica elaborar\u00e1 seu parecer objetivando dar celeridade ao processo de implanta\u00e7\u00e3o da Pol\u00edcia Penal da Bahia.<\/p>\n<p>Vale lembrar, que o Dr. Marcos Melo, Presidente da referida Comiss\u00e3o j\u00e1 foi Diretor do Departamento de Assuntos Penais da Secretaria de Justi\u00e7a do Estado da Bahia e tem amplo conhecimento dos problemas enfrentados pelo Sistema Prisional baiano e da import\u00e2ncia da implanta\u00e7\u00e3o da Pol\u00edcia Penal.<\/p>\n<p>GEST\u00c3O UFC \u2013 SEM LUTA N\u00c3O H\u00c1 VIT\u00d3RIA!<\/p>\n<p>ASCOM &#8211; SINSPPEB<\/p>\n","protected":false},"excerpt":{"rendered":"<p>Dando prosseguimento \u00e0s tratativas referentes \u00e0 aprova\u00e7\u00e3o da Proposta de Emenda \u00e0 Constitui\u00e7\u00e3o n\u00b0 160\/2020 (PEC da Pol\u00edcia Penal), os<\/p>\n","protected":false},"author":3,"featured_media":2377,"comment_status":"open","ping_status":"open","sticky":false,"template":"","format":"standard","meta":{"colormag_page_container_layout":"default_layout","colormag_page_sidebar_layout":"default_layout","footnotes":""},"categories":[45,1],"tags":[],"class_list":["post-2376","post","type-post","status-publish","format-standard","has-post-thumbnail","hentry","category-importante","category-noticias"],"_links":{"self":[{"href":"https:\/\/sinspeb.org.br\/index.php?rest_route=\/wp\/v2\/posts\/2376","targetHints":{"allow":["GET"]}}],"collection":[{"href":"https:\/\/sinspeb.org.br\/index.php?rest_route=\/wp\/v2\/posts"}],"about":[{"href":"https:\/\/sinspeb.org.br\/index.php?rest_route=\/wp\/v2\/types\/post"}],"author":[{"embeddable":true,"href":"https:\/\/sinspeb.org.br\/index.php?rest_route=\/wp\/v2\/users\/3"}],"replies":[{"embeddable":true,"href":"https:\/\/sinspeb.org.br\/index.php?rest_route=%2Fwp%2Fv2%2Fcomments&post=2376"}],"version-history":[{"count":1,"href":"https:\/\/sinspeb.org.br\/index.php?rest_route=\/wp\/v2\/posts\/2376\/revisions"}],"predecessor-version":[{"id":2378,"href":"https:\/\/sinspeb.org.br\/index.php?rest_route=\/wp\/v2\/posts\/2376\/revisions\/2378"}],"wp:featuredmedia":[{"embeddable":true,"href":"https:\/\/sinspeb.org.br\/index.php?rest_route=\/wp\/v2\/media\/2377"}],"wp:attachment":[{"href":"https:\/\/sinspeb.org.br\/index.php?rest_route=%2Fwp%2Fv2%2Fmedia&parent=2376"}],"wp:term":[{"taxonomy":"category","embeddable":true,"href":"https:\/\/sinspeb.org.br\/index.php?rest_route=%2Fwp%2Fv2%2Fcategories&post=2376"},{"taxonomy":"post_tag","embeddable":true,"href":"https:\/\/sinspeb.org.br\/index.php?rest_route=%2Fwp%2Fv2%2Ftags&post=2376"}],"curies":[{"name":"wp","href":"https:\/\/api.w.org\/{rel}","templated":true}]}}