{"id":2398,"date":"2021-06-23T12:54:16","date_gmt":"2021-06-23T15:54:16","guid":{"rendered":"http:\/\/sinspeb.org.br\/?p=2398"},"modified":"2021-06-23T13:47:56","modified_gmt":"2021-06-23T16:47:56","slug":"policiais-penais-dizem-nao-a-pec-32","status":"publish","type":"post","link":"https:\/\/sinspeb.org.br\/?p=2398","title":{"rendered":"Policiais Penais dizem N\u00c3O \u00e0 PEC 32"},"content":{"rendered":"<p>Policiais Penais se mobilizam para dizer N\u00c3O \u00e0 PEC 32 da Reforma Administrativa<\/p>\n<p>Atendendo ao chamamento da FENASPPEN, o Presidente do SINSPPEB, Reivon Pimentel, convoca todos Policiais Penais da Bahia para participarem da mobiliza\u00e7\u00e3o contra a PEC 32, em Defesa do Servi\u00e7o P\u00fablico. Hoje (23.06.21), ocorrer\u00e1 uma concentra\u00e7\u00e3o para carreata, em Bras\u00edlia, no estacionamento do Est\u00e1dio Nacional, a partir das 14 horas.<\/p>\n<p>Para aqueles que n\u00e3o puderem participar da carreata, haver\u00e1 uma grande mobiliza\u00e7\u00e3o que vai agitar as redes sociais e aplicativos de mensagens com o movimento #PEC32N\u00c3O<\/p>\n<p>Clique na imagem abaixo e veja como participar! \ud83d\udc47\ud83c\udffc<\/p>\n<blockquote class=\"wp-embedded-content\" data-secret=\"smA6tzmu6e\"><p><a href=\"http:\/\/fenaspen.org.br\/policiais-penais-dizem-nao-a-pec-32\/\">Policiais Penais dizem N\u00c3O \u00e0 PEC 32!<\/a><\/p><\/blockquote>\n<p><iframe class=\"wp-embedded-content\" sandbox=\"allow-scripts\" security=\"restricted\" style=\"position: absolute; clip: rect(1px, 1px, 1px, 1px);\" title=\"&#8220;Policiais Penais dizem N\u00c3O \u00e0 PEC 32!&#8221; &#8212; FENASPPEN\" src=\"http:\/\/fenaspen.org.br\/policiais-penais-dizem-nao-a-pec-32\/embed\/#?secret=smA6tzmu6e\" data-secret=\"smA6tzmu6e\" width=\"600\" height=\"338\" frameborder=\"0\" marginwidth=\"0\" marginheight=\"0\" scrolling=\"no\"><\/iframe><\/p>\n<p>Comunica\u00e7\u00e3o FENASPPEN<br \/>\nComunica\u00e7\u00e3o SINSPPEB<\/p>\n","protected":false},"excerpt":{"rendered":"<p>Policiais Penais se mobilizam para dizer N\u00c3O \u00e0 PEC 32 da Reforma Administrativa Atendendo ao chamamento da FENASPPEN, o Presidente<\/p>\n","protected":false},"author":3,"featured_media":2399,"comment_status":"open","ping_status":"open","sticky":false,"template":"","format":"standard","meta":{"colormag_page_container_layout":"default_layout","colormag_page_sidebar_layout":"default_layout","footnotes":""},"categories":[45,1],"tags":[],"class_list":["post-2398","post","type-post","status-publish","format-standard","has-post-thumbnail","hentry","category-importante","category-noticias"],"_links":{"self":[{"href":"https:\/\/sinspeb.org.br\/index.php?rest_route=\/wp\/v2\/posts\/2398","targetHints":{"allow":["GET"]}}],"collection":[{"href":"https:\/\/sinspeb.org.br\/index.php?rest_route=\/wp\/v2\/posts"}],"about":[{"href":"https:\/\/sinspeb.org.br\/index.php?rest_route=\/wp\/v2\/types\/post"}],"author":[{"embeddable":true,"href":"https:\/\/sinspeb.org.br\/index.php?rest_route=\/wp\/v2\/users\/3"}],"replies":[{"embeddable":true,"href":"https:\/\/sinspeb.org.br\/index.php?rest_route=%2Fwp%2Fv2%2Fcomments&post=2398"}],"version-history":[{"count":4,"href":"https:\/\/sinspeb.org.br\/index.php?rest_route=\/wp\/v2\/posts\/2398\/revisions"}],"predecessor-version":[{"id":2403,"href":"https:\/\/sinspeb.org.br\/index.php?rest_route=\/wp\/v2\/posts\/2398\/revisions\/2403"}],"wp:featuredmedia":[{"embeddable":true,"href":"https:\/\/sinspeb.org.br\/index.php?rest_route=\/wp\/v2\/media\/2399"}],"wp:attachment":[{"href":"https:\/\/sinspeb.org.br\/index.php?rest_route=%2Fwp%2Fv2%2Fmedia&parent=2398"}],"wp:term":[{"taxonomy":"category","embeddable":true,"href":"https:\/\/sinspeb.org.br\/index.php?rest_route=%2Fwp%2Fv2%2Fcategories&post=2398"},{"taxonomy":"post_tag","embeddable":true,"href":"https:\/\/sinspeb.org.br\/index.php?rest_route=%2Fwp%2Fv2%2Ftags&post=2398"}],"curies":[{"name":"wp","href":"https:\/\/api.w.org\/{rel}","templated":true}]}}