{"id":2416,"date":"2021-06-25T20:29:42","date_gmt":"2021-06-25T23:29:42","guid":{"rendered":"http:\/\/sinspeb.org.br\/?p=2416"},"modified":"2021-06-25T20:29:42","modified_gmt":"2021-06-25T23:29:42","slug":"policia-penal-ja","status":"publish","type":"post","link":"https:\/\/sinspeb.org.br\/?p=2416","title":{"rendered":"POL\u00cdCIA PENAL J\u00c1!"},"content":{"rendered":"<p>As armaduras j\u00e1 est\u00e3o sendo forjadas, e aguardam os Guerreiros e Guerreiras da Pol\u00edcia Penal no Campo de Batalha. Dia 30\/06\/21 todos os Caminhos levam \u00e0 Portaria da Sede da SEAP. POL\u00cdCIA PENAL J\u00c1!<\/p>\n<p>\u25b6 End.: 3\u00aa Avenida, n\u00ba 310, Plataforma IV, Centro Administrativo da Bahia-CAB.<\/p>\n<p>&nbsp;<\/p>\n<div style=\"width: 480px;\" class=\"wp-video\"><!--[if lt IE 9]><script>document.createElement('video');<\/script><![endif]-->\n<video class=\"wp-video-shortcode\" id=\"video-2416-1\" width=\"480\" height=\"720\" preload=\"metadata\" controls=\"controls\"><source type=\"video\/mp4\" src=\"http:\/\/sinspeb.org.br\/wp-content\/uploads\/2021\/06\/VID-20210625-WA00281.mp4?_=1\" \/><a href=\"http:\/\/sinspeb.org.br\/wp-content\/uploads\/2021\/06\/VID-20210625-WA00281.mp4\">http:\/\/sinspeb.org.br\/wp-content\/uploads\/2021\/06\/VID-20210625-WA00281.mp4<\/a><\/video><\/div>\n<p>Assistam ao v\u00eddeo acima e contemplem as vossas armaduras!\ud83d\udc46\ud83d\ude09<\/p>\n<p>ASCOM &#8211; SINSPPEB<\/p>\n","protected":false},"excerpt":{"rendered":"<p>As armaduras j\u00e1 est\u00e3o sendo forjadas, e aguardam os Guerreiros e Guerreiras da Pol\u00edcia Penal no Campo de Batalha. Dia<\/p>\n","protected":false},"author":3,"featured_media":2420,"comment_status":"open","ping_status":"open","sticky":false,"template":"","format":"standard","meta":{"colormag_page_container_layout":"default_layout","colormag_page_sidebar_layout":"default_layout","footnotes":""},"categories":[45,1],"tags":[],"class_list":["post-2416","post","type-post","status-publish","format-standard","has-post-thumbnail","hentry","category-importante","category-noticias"],"_links":{"self":[{"href":"https:\/\/sinspeb.org.br\/index.php?rest_route=\/wp\/v2\/posts\/2416","targetHints":{"allow":["GET"]}}],"collection":[{"href":"https:\/\/sinspeb.org.br\/index.php?rest_route=\/wp\/v2\/posts"}],"about":[{"href":"https:\/\/sinspeb.org.br\/index.php?rest_route=\/wp\/v2\/types\/post"}],"author":[{"embeddable":true,"href":"https:\/\/sinspeb.org.br\/index.php?rest_route=\/wp\/v2\/users\/3"}],"replies":[{"embeddable":true,"href":"https:\/\/sinspeb.org.br\/index.php?rest_route=%2Fwp%2Fv2%2Fcomments&post=2416"}],"version-history":[{"count":1,"href":"https:\/\/sinspeb.org.br\/index.php?rest_route=\/wp\/v2\/posts\/2416\/revisions"}],"predecessor-version":[{"id":2419,"href":"https:\/\/sinspeb.org.br\/index.php?rest_route=\/wp\/v2\/posts\/2416\/revisions\/2419"}],"wp:featuredmedia":[{"embeddable":true,"href":"https:\/\/sinspeb.org.br\/index.php?rest_route=\/wp\/v2\/media\/2420"}],"wp:attachment":[{"href":"https:\/\/sinspeb.org.br\/index.php?rest_route=%2Fwp%2Fv2%2Fmedia&parent=2416"}],"wp:term":[{"taxonomy":"category","embeddable":true,"href":"https:\/\/sinspeb.org.br\/index.php?rest_route=%2Fwp%2Fv2%2Fcategories&post=2416"},{"taxonomy":"post_tag","embeddable":true,"href":"https:\/\/sinspeb.org.br\/index.php?rest_route=%2Fwp%2Fv2%2Ftags&post=2416"}],"curies":[{"name":"wp","href":"https:\/\/api.w.org\/{rel}","templated":true}]}}