{"id":2421,"date":"2021-06-28T08:19:07","date_gmt":"2021-06-28T11:19:07","guid":{"rendered":"http:\/\/sinspeb.org.br\/?p=2421"},"modified":"2021-06-28T08:19:07","modified_gmt":"2021-06-28T11:19:07","slug":"%f0%9f%97%a3%ef%b8%8f-convocacao-para-assembleia-geral-extraordinaria-em-frente-a-sede-da-seap-2","status":"publish","type":"post","link":"https:\/\/sinspeb.org.br\/?p=2421","title":{"rendered":"\ud83d\udde3\ufe0f CONVOCA\u00c7\u00c3O PARA ASSEMBLEIA GERAL EXTRAORDIN\u00c1RIA EM FRENTE \u00c0 SEDE DA SEAP!!!"},"content":{"rendered":"<p>O Presidente do Sindicato dos Servidores da Pol\u00edcia Penal do Estado da Bahia-SINSPPEB, Reivon Pimentel, convoca todos Servidores do ESTADO DA BAHIA para participarem de Assembleia Geral Extraordin\u00e1ria em frente \u00e0 Sede da Secretaria de Administra\u00e7\u00e3o Penitenci\u00e1ria e Ressocializa\u00e7\u00e3o do Estado da Bahia-SEAP\/BA.<\/p>\n<p>J\u00c1 PASSOU DA HORA DA PEC DA POL\u00cdCIA PENAL SER APROVADA NO ESTADO DA BAHIA! VAMOS NOS UNIR E REIVINDICAR NOSSO DIREITO! N\u00c3O BASTA APENAS OS REPRESENTANTES DA CATEGORIA SE MOBILIZAREM. O SINDICATO SOMOS TODOS N\u00d3S!<\/p>\n<p>\u2705 LOCAL: EM FRENTE \u00c0 SEDE DA SEAP QUE FICA LOCALIZADA NO CENTRO ADMINISTRATIVO DA BAHIA-CAB.<\/p>\n<p>\u2705 DATA: 30.06.2021(Quarta-feira).<\/p>\n<p>\u2705 HOR\u00c1RIO: 09H EM PRIMEIRA CHAMADA E \u00c0S 09H30MIN EM SEGUNDA E \u00daLTIMA CHAMADA.<\/p>\n<p><img fetchpriority=\"high\" decoding=\"async\" class=\"alignnone size-medium wp-image-2422\" src=\"http:\/\/sinspeb.org.br\/wp-content\/uploads\/2021\/06\/Finalizado-1-1-212x300.png\" alt=\"\" width=\"212\" height=\"300\" srcset=\"https:\/\/sinspeb.org.br\/wp-content\/uploads\/2021\/06\/Finalizado-1-1-212x300.png 212w, https:\/\/sinspeb.org.br\/wp-content\/uploads\/2021\/06\/Finalizado-1-1-724x1024.png 724w, https:\/\/sinspeb.org.br\/wp-content\/uploads\/2021\/06\/Finalizado-1-1-768x1086.png 768w, https:\/\/sinspeb.org.br\/wp-content\/uploads\/2021\/06\/Finalizado-1-1-1086x1536.png 1086w, https:\/\/sinspeb.org.br\/wp-content\/uploads\/2021\/06\/Finalizado-1-1-1448x2048.png 1448w, https:\/\/sinspeb.org.br\/wp-content\/uploads\/2021\/06\/Finalizado-1-1.png 1754w\" sizes=\"(max-width: 212px) 100vw, 212px\" \/><\/p>\n<p>GEST\u00c3O UFC &#8211; JUNTOS SOMOS MAIS FORTES, UNIDOS SOMOS IMBAT\u00cdVEIS! \ud83e\udd1c\ud83c\udffc\ud83e\udd1b\ud83c\udffc<\/p>\n<p>ASCOM &#8211; SINSPPEB<\/p>\n","protected":false},"excerpt":{"rendered":"<p>O Presidente do Sindicato dos Servidores da Pol\u00edcia Penal do Estado da Bahia-SINSPPEB, Reivon Pimentel, convoca todos Servidores do ESTADO<\/p>\n","protected":false},"author":3,"featured_media":2405,"comment_status":"open","ping_status":"open","sticky":false,"template":"","format":"standard","meta":{"colormag_page_container_layout":"default_layout","colormag_page_sidebar_layout":"default_layout","footnotes":""},"categories":[45,1],"tags":[],"class_list":["post-2421","post","type-post","status-publish","format-standard","has-post-thumbnail","hentry","category-importante","category-noticias"],"_links":{"self":[{"href":"https:\/\/sinspeb.org.br\/index.php?rest_route=\/wp\/v2\/posts\/2421","targetHints":{"allow":["GET"]}}],"collection":[{"href":"https:\/\/sinspeb.org.br\/index.php?rest_route=\/wp\/v2\/posts"}],"about":[{"href":"https:\/\/sinspeb.org.br\/index.php?rest_route=\/wp\/v2\/types\/post"}],"author":[{"embeddable":true,"href":"https:\/\/sinspeb.org.br\/index.php?rest_route=\/wp\/v2\/users\/3"}],"replies":[{"embeddable":true,"href":"https:\/\/sinspeb.org.br\/index.php?rest_route=%2Fwp%2Fv2%2Fcomments&post=2421"}],"version-history":[{"count":1,"href":"https:\/\/sinspeb.org.br\/index.php?rest_route=\/wp\/v2\/posts\/2421\/revisions"}],"predecessor-version":[{"id":2423,"href":"https:\/\/sinspeb.org.br\/index.php?rest_route=\/wp\/v2\/posts\/2421\/revisions\/2423"}],"wp:featuredmedia":[{"embeddable":true,"href":"https:\/\/sinspeb.org.br\/index.php?rest_route=\/wp\/v2\/media\/2405"}],"wp:attachment":[{"href":"https:\/\/sinspeb.org.br\/index.php?rest_route=%2Fwp%2Fv2%2Fmedia&parent=2421"}],"wp:term":[{"taxonomy":"category","embeddable":true,"href":"https:\/\/sinspeb.org.br\/index.php?rest_route=%2Fwp%2Fv2%2Fcategories&post=2421"},{"taxonomy":"post_tag","embeddable":true,"href":"https:\/\/sinspeb.org.br\/index.php?rest_route=%2Fwp%2Fv2%2Ftags&post=2421"}],"curies":[{"name":"wp","href":"https:\/\/api.w.org\/{rel}","templated":true}]}}