{"id":2424,"date":"2021-06-28T11:51:34","date_gmt":"2021-06-28T14:51:34","guid":{"rendered":"http:\/\/sinspeb.org.br\/?p=2424"},"modified":"2021-06-28T11:51:34","modified_gmt":"2021-06-28T14:51:34","slug":"carreata-em-brasilia-com-a-participacao-de-policiais-de-todo-o-brasil-marca-luta-contra-aprovacao-da-pec-32-2020","status":"publish","type":"post","link":"https:\/\/sinspeb.org.br\/?p=2424","title":{"rendered":"CARREATA EM BRAS\u00cdLIA COM A PARTICIPA\u00c7\u00c3O DE POLICIAIS DE TODO O BRASIL MARCA LUTA CONTRA APROVA\u00c7\u00c3O DA PEC 32\/2020"},"content":{"rendered":"<p>No \u00faltimo dia 23.06.21, Policias de todo o Brasil participaram de uma carreata hist\u00f3rica, em Bras\u00edlia, CONTRA Aprova\u00e7\u00e3o da PEC 32\/2020 e em DEFESA do Servi\u00e7o P\u00fablico. A mobiliza\u00e7\u00e3o foi organizada pela Uni\u00e3o dos Policiais do Brasil-UPB.<\/p>\n<p>A Federa\u00e7\u00e3o Sindical Nacional de Servidores Penitenci\u00e1rios e Policiais Penais-FENASPPEN representou os Policiais Penais.<\/p>\n<p>GEST\u00c3O UFC &#8211; #CONTRAAPEC32<\/p>\n<p>ASCOM &#8211; SINSPPEB<\/p>\n","protected":false},"excerpt":{"rendered":"<p>No \u00faltimo dia 23.06.21, Policias de todo o Brasil participaram de uma carreata hist\u00f3rica, em Bras\u00edlia, CONTRA Aprova\u00e7\u00e3o da PEC<\/p>\n","protected":false},"author":3,"featured_media":2425,"comment_status":"open","ping_status":"open","sticky":false,"template":"","format":"standard","meta":{"colormag_page_container_layout":"default_layout","colormag_page_sidebar_layout":"default_layout","footnotes":""},"categories":[45,1],"tags":[],"class_list":["post-2424","post","type-post","status-publish","format-standard","has-post-thumbnail","hentry","category-importante","category-noticias"],"_links":{"self":[{"href":"https:\/\/sinspeb.org.br\/index.php?rest_route=\/wp\/v2\/posts\/2424","targetHints":{"allow":["GET"]}}],"collection":[{"href":"https:\/\/sinspeb.org.br\/index.php?rest_route=\/wp\/v2\/posts"}],"about":[{"href":"https:\/\/sinspeb.org.br\/index.php?rest_route=\/wp\/v2\/types\/post"}],"author":[{"embeddable":true,"href":"https:\/\/sinspeb.org.br\/index.php?rest_route=\/wp\/v2\/users\/3"}],"replies":[{"embeddable":true,"href":"https:\/\/sinspeb.org.br\/index.php?rest_route=%2Fwp%2Fv2%2Fcomments&post=2424"}],"version-history":[{"count":1,"href":"https:\/\/sinspeb.org.br\/index.php?rest_route=\/wp\/v2\/posts\/2424\/revisions"}],"predecessor-version":[{"id":2426,"href":"https:\/\/sinspeb.org.br\/index.php?rest_route=\/wp\/v2\/posts\/2424\/revisions\/2426"}],"wp:featuredmedia":[{"embeddable":true,"href":"https:\/\/sinspeb.org.br\/index.php?rest_route=\/wp\/v2\/media\/2425"}],"wp:attachment":[{"href":"https:\/\/sinspeb.org.br\/index.php?rest_route=%2Fwp%2Fv2%2Fmedia&parent=2424"}],"wp:term":[{"taxonomy":"category","embeddable":true,"href":"https:\/\/sinspeb.org.br\/index.php?rest_route=%2Fwp%2Fv2%2Fcategories&post=2424"},{"taxonomy":"post_tag","embeddable":true,"href":"https:\/\/sinspeb.org.br\/index.php?rest_route=%2Fwp%2Fv2%2Ftags&post=2424"}],"curies":[{"name":"wp","href":"https:\/\/api.w.org\/{rel}","templated":true}]}}