{"id":2457,"date":"2021-07-01T21:17:25","date_gmt":"2021-07-02T00:17:25","guid":{"rendered":"http:\/\/sinspeb.org.br\/?p=2457"},"modified":"2021-07-01T21:17:25","modified_gmt":"2021-07-02T00:17:25","slug":"em-assembleia-geral-extraordinaria-realizada-em-frente-a-sede-da-seap-policiais-penais-decretam-estado-de-greve","status":"publish","type":"post","link":"https:\/\/sinspeb.org.br\/?p=2457","title":{"rendered":"EM ASSEMBLEIA GERAL EXTRAORDIN\u00c1RIA REALIZADA EM FRENTE A SEDE DA SEAP, POLICIAIS PENAIS DECRETAM ESTADO DE GREVE"},"content":{"rendered":"<div style=\"width: 720px;\" class=\"wp-video\"><!--[if lt IE 9]><script>document.createElement('video');<\/script><![endif]-->\n<video class=\"wp-video-shortcode\" id=\"video-2457-1\" width=\"720\" height=\"480\" preload=\"metadata\" controls=\"controls\"><source type=\"video\/mp4\" src=\"http:\/\/sinspeb.org.br\/wp-content\/uploads\/2021\/07\/Assembeia-na-SEAP1.mp4?_=1\" \/><a href=\"http:\/\/sinspeb.org.br\/wp-content\/uploads\/2021\/07\/Assembeia-na-SEAP1.mp4\">http:\/\/sinspeb.org.br\/wp-content\/uploads\/2021\/07\/Assembeia-na-SEAP1.mp4<\/a><\/video><\/div>\n<p>O Presidente do Sindicato dos Servidores da Pol\u00edcia Penal do Estado da Bahia-SINSPPEB, Reivon Pimentel, em conformidade com o disposto nos artigos 13, I, d e 48, f do Estatuto do Sindicato, realizou ontem (30.06.21), Assembleia Geral Extraordin\u00e1ria, em frente \u00e0 Sede da Secretaria de Administra\u00e7\u00e3o Penitenci\u00e1ria e Ressocializa\u00e7\u00e3o do Estado da Bahia-SEAP\/BA.<\/p>\n<p>A Assembleia tratou de modo espec\u00edfico sobre a seguinte pauta: Informes gerais; Discuss\u00e3o e Delibera\u00e7\u00e3o acerca do obst\u00e1culo posto pelo Governo da Bahia na tramita\u00e7\u00e3o da Proposta de Emenda \u00e0 Constitui\u00e7\u00e3o n\u00ba 160\/2020 (PEC da Pol\u00edcia Penal) e Discuss\u00e3o e Delibera\u00e7\u00e3o sobre a Comiss\u00e3o criada pela Portaria n\u00ba 152\/2021 da SEAP\/BA.<\/p>\n<p>Iniciado a Assembleia, o Presidente Reivon Pimentel, cumprimentou a todos(as) e em seguida apresentou para a plen\u00e1ria os informes relacionados \u00e0s \u00faltimas reuni\u00f5es da Diretoria do SINSPPEB com representantes do Governo do Estado em prol da aprova\u00e7\u00e3o da PEC da Pol\u00edcia Penal.<\/p>\n<p>Ap\u00f3s pronunciamento do Presidente, foi franqueada a palavra para os presentes na plen\u00e1ria, e logo em seguida, as propostas sugeridas foram encaminhadas para a tomada de decis\u00e3o coletiva.<\/p>\n<p>Por unanimidade, os presentes na Assembleia tomaram as seguintes decis\u00f5es para a dirimir os impasses elencados na pauta:<\/p>\n<p>Decretar Estado de Greve imediatamente! Concernente a isso, o Presidente do SINSPPEB se comprometeu em reiterar of\u00edcios \u00e0s autoridades competentes, a exemplo do Chefe do Minist\u00e9rio P\u00fablico do Estado da Bahia, do Presidente do Tribunal de Justi\u00e7a do Estado da Bahia, bem como ao Governador Rui Costa, ao Secret\u00e1rio Nestor Duarte, ao Presidente da Assembleia Legislativa da Bahia, ao Defensor Geral do Estado, ao Presidente da Ordem dos Advogados do Brasil &#8211; Se\u00e7\u00e3o Bahia, para que estas referidas autoridades, venham mediar uma solu\u00e7\u00e3o para as demandas apresentadas pela Categoria.<\/p>\n<p>Ademais, o Presidente Reivon, prop\u00f4s a realiza\u00e7\u00e3o de uma Assembleia no dia 28 de julho em frente \u00e0 Governadoria, o que foi prontamente aceito por todos(as).<\/p>\n<p>Informamos que, esta Assembleia poder\u00e1 ser antecipada, caso os \u00f3rg\u00e3os de controle e fiscalizadores emitam respostas favor\u00e1veis aos of\u00edcios que ser\u00e3o protocolados.<\/p>\n<p>Pontuamos que, houve tamb\u00e9m a proposta do colega Roquildes no que diz respeito a realiza\u00e7\u00e3o de uma Audi\u00eancia P\u00fablica para discutir junto \u00e0s autoridades e a sociedade civil a PEC 160\/2020, por\u00e9m, esta citada proposta n\u00e3o foi aprovada pela maioria dos presentes, com a v\u00e1lida argumenta\u00e7\u00e3o de que os representantes do SINSPPEB j\u00e1 fizeram esta discuss\u00e3o perante estas mencionadas entidades.<\/p>\n<p>Vale ressaltar, que ontem, marcaram presen\u00e7a na plen\u00e1ria 151 (cento e cinquenta e um) Policiais Penais e demais Servidores Penitenci\u00e1rios, lotados nas Unidades Prisionais da Capital, Regi\u00e3o Metropolitana e tamb\u00e9m do Interior do Estado, por isso, desde j\u00e1 agradecemos aos companheiros e companheiras que atenderam ao chamamento do Presidente do SINSPPEB e convocamos aos demais que n\u00e3o foram, para que estejam conosco no dia 28.07.21.<\/p>\n<p>GEST\u00c3O UFC &#8211; APROVA\u00c7\u00c3O DA PEC DA POL\u00cdCIA PENAL J\u00c1!<\/p>\n<p>ASCOM \u2013 SINSPPEB<\/p>\n","protected":false},"excerpt":{"rendered":"<p>O Presidente do Sindicato dos Servidores da Pol\u00edcia Penal do Estado da Bahia-SINSPPEB, Reivon Pimentel, em conformidade com o disposto<\/p>\n","protected":false},"author":3,"featured_media":2459,"comment_status":"open","ping_status":"open","sticky":false,"template":"","format":"standard","meta":{"colormag_page_container_layout":"default_layout","colormag_page_sidebar_layout":"default_layout","footnotes":""},"categories":[45,1],"tags":[],"class_list":["post-2457","post","type-post","status-publish","format-standard","has-post-thumbnail","hentry","category-importante","category-noticias"],"_links":{"self":[{"href":"https:\/\/sinspeb.org.br\/index.php?rest_route=\/wp\/v2\/posts\/2457","targetHints":{"allow":["GET"]}}],"collection":[{"href":"https:\/\/sinspeb.org.br\/index.php?rest_route=\/wp\/v2\/posts"}],"about":[{"href":"https:\/\/sinspeb.org.br\/index.php?rest_route=\/wp\/v2\/types\/post"}],"author":[{"embeddable":true,"href":"https:\/\/sinspeb.org.br\/index.php?rest_route=\/wp\/v2\/users\/3"}],"replies":[{"embeddable":true,"href":"https:\/\/sinspeb.org.br\/index.php?rest_route=%2Fwp%2Fv2%2Fcomments&post=2457"}],"version-history":[{"count":1,"href":"https:\/\/sinspeb.org.br\/index.php?rest_route=\/wp\/v2\/posts\/2457\/revisions"}],"predecessor-version":[{"id":2460,"href":"https:\/\/sinspeb.org.br\/index.php?rest_route=\/wp\/v2\/posts\/2457\/revisions\/2460"}],"wp:featuredmedia":[{"embeddable":true,"href":"https:\/\/sinspeb.org.br\/index.php?rest_route=\/wp\/v2\/media\/2459"}],"wp:attachment":[{"href":"https:\/\/sinspeb.org.br\/index.php?rest_route=%2Fwp%2Fv2%2Fmedia&parent=2457"}],"wp:term":[{"taxonomy":"category","embeddable":true,"href":"https:\/\/sinspeb.org.br\/index.php?rest_route=%2Fwp%2Fv2%2Fcategories&post=2457"},{"taxonomy":"post_tag","embeddable":true,"href":"https:\/\/sinspeb.org.br\/index.php?rest_route=%2Fwp%2Fv2%2Ftags&post=2457"}],"curies":[{"name":"wp","href":"https:\/\/api.w.org\/{rel}","templated":true}]}}