{"id":2461,"date":"2021-07-02T16:16:36","date_gmt":"2021-07-02T19:16:36","guid":{"rendered":"http:\/\/sinspeb.org.br\/?p=2461"},"modified":"2021-07-02T16:16:36","modified_gmt":"2021-07-02T19:16:36","slug":"gestao-ufc-do-sinsppeb-presta-homenagem-a-independencia-da-bahia-ao-mesmo-tempo-que-aguarda-a-tao-sonhada-independencia-da-policia-penal","status":"publish","type":"post","link":"https:\/\/sinspeb.org.br\/?p=2461","title":{"rendered":"GEST\u00c3O UFC DO SINSPPEB PRESTA HOMENAGEM \u00c0 INDEPEND\u00caNCIA DA BAHIA, AO MESMO TEMPO QUE AGUARDA A T\u00c3O SONHADA INDEPEND\u00caNCIA DA POL\u00cdCIA PENAL"},"content":{"rendered":"<p>A Independ\u00eancia da Bahia, tamb\u00e9m chamada de Independ\u00eancia do Brasil na Bahia, foi um movimento que, iniciado em 19 de fevereiro de 1822, e motivado pelo sentimento de emancipa\u00e7\u00e3o, terminou com a comemora\u00e7\u00e3o da vit\u00f3ria sobre as for\u00e7as coloniais na guerra pela independ\u00eancia, expulsando as tropas portuguesas de Salvador no dia 2 de julho de 1823.<\/p>\n<p>Vale refletir, que s\u00f3 ap\u00f3s a Independ\u00eancia do Brasil, foi que ocorreu a Independ\u00eancia da Bahia. Coincid\u00eancia ou n\u00e3o, desde o dia 04 de dezembro de 2019 estamos lutando pela Independ\u00eancia da Pol\u00edcia Penal aqui em nosso Estado. A Pol\u00edcia Penal j\u00e1 \u00e9 uma realidade em 19 (dezenove) Estados da Federa\u00e7\u00e3o. Na Regi\u00e3o Nordeste s\u00f3 faltam a Bahia e a Para\u00edba, todavia, no Estado da Para\u00edba a tramita\u00e7\u00e3o da PEC da Pol\u00edcia Penal j\u00e1 est\u00e1 bem avan\u00e7ada, ao contr\u00e1rio da nossa. Vale citar, que no Rio Grande do Norte, a Governadora F\u00e1tima Bezerra (PT) aprovou com celeridade a PEC da Pol\u00edcia Penal, al\u00e9m de regulamentar a nova carreira. Enquanto isso, aqui em nosso Estado, o Governador Rui Costa (PT) prefere ficar colocando obst\u00e1culos para a aprova\u00e7\u00e3o.<\/p>\n<p>A Sociedade Baiana aguarda h\u00e1 577 (quinhentos e setenta e sete) dias por essa aprova\u00e7\u00e3o, pois com o advento da nova Pol\u00edcia n\u00e3o s\u00f3 a categoria ser\u00e1 vitoriosa, mas sim todos os baianos.<\/p>\n<p>GEST\u00c3O UFC \u2013 PELA BAHIA E PELA POL\u00cdCIA PENAL! \ud83d\udc4f\ud83c\udffc\ud83d\udc4f\ud83c\udffc\ud83d\udc4f\ud83c\udffc\ud83d\udc4f\ud83c\udffc<\/p>\n<p>ASCOM \u2013 SINSPPEB<\/p>\n","protected":false},"excerpt":{"rendered":"<p>A Independ\u00eancia da Bahia, tamb\u00e9m chamada de Independ\u00eancia do Brasil na Bahia, foi um movimento que, iniciado em 19 de<\/p>\n","protected":false},"author":3,"featured_media":2462,"comment_status":"open","ping_status":"open","sticky":false,"template":"","format":"standard","meta":{"colormag_page_container_layout":"default_layout","colormag_page_sidebar_layout":"default_layout","footnotes":""},"categories":[45,1],"tags":[],"class_list":["post-2461","post","type-post","status-publish","format-standard","has-post-thumbnail","hentry","category-importante","category-noticias"],"_links":{"self":[{"href":"https:\/\/sinspeb.org.br\/index.php?rest_route=\/wp\/v2\/posts\/2461","targetHints":{"allow":["GET"]}}],"collection":[{"href":"https:\/\/sinspeb.org.br\/index.php?rest_route=\/wp\/v2\/posts"}],"about":[{"href":"https:\/\/sinspeb.org.br\/index.php?rest_route=\/wp\/v2\/types\/post"}],"author":[{"embeddable":true,"href":"https:\/\/sinspeb.org.br\/index.php?rest_route=\/wp\/v2\/users\/3"}],"replies":[{"embeddable":true,"href":"https:\/\/sinspeb.org.br\/index.php?rest_route=%2Fwp%2Fv2%2Fcomments&post=2461"}],"version-history":[{"count":1,"href":"https:\/\/sinspeb.org.br\/index.php?rest_route=\/wp\/v2\/posts\/2461\/revisions"}],"predecessor-version":[{"id":2463,"href":"https:\/\/sinspeb.org.br\/index.php?rest_route=\/wp\/v2\/posts\/2461\/revisions\/2463"}],"wp:featuredmedia":[{"embeddable":true,"href":"https:\/\/sinspeb.org.br\/index.php?rest_route=\/wp\/v2\/media\/2462"}],"wp:attachment":[{"href":"https:\/\/sinspeb.org.br\/index.php?rest_route=%2Fwp%2Fv2%2Fmedia&parent=2461"}],"wp:term":[{"taxonomy":"category","embeddable":true,"href":"https:\/\/sinspeb.org.br\/index.php?rest_route=%2Fwp%2Fv2%2Fcategories&post=2461"},{"taxonomy":"post_tag","embeddable":true,"href":"https:\/\/sinspeb.org.br\/index.php?rest_route=%2Fwp%2Fv2%2Ftags&post=2461"}],"curies":[{"name":"wp","href":"https:\/\/api.w.org\/{rel}","templated":true}]}}