{"id":2464,"date":"2021-07-05T14:57:44","date_gmt":"2021-07-05T17:57:44","guid":{"rendered":"http:\/\/sinspeb.org.br\/?p=2464"},"modified":"2021-07-05T14:57:44","modified_gmt":"2021-07-05T17:57:44","slug":"sinsppeb-itinerante-visitara-unidades-do-interior-do-estado-da-bahia","status":"publish","type":"post","link":"https:\/\/sinspeb.org.br\/?p=2464","title":{"rendered":"SINSPPEB ITINERANTE VISITAR\u00c1 UNIDADES DO INTERIOR DO ESTADO DA BAHIA"},"content":{"rendered":"<p><img fetchpriority=\"high\" decoding=\"async\" class=\"alignnone size-medium wp-image-2465\" src=\"http:\/\/sinspeb.org.br\/wp-content\/uploads\/2021\/07\/Itinerante-62-300x221.png\" alt=\"\" width=\"300\" height=\"221\" srcset=\"https:\/\/sinspeb.org.br\/wp-content\/uploads\/2021\/07\/Itinerante-62-300x221.png 300w, https:\/\/sinspeb.org.br\/wp-content\/uploads\/2021\/07\/Itinerante-62-1024x756.png 1024w, https:\/\/sinspeb.org.br\/wp-content\/uploads\/2021\/07\/Itinerante-62-768x567.png 768w, https:\/\/sinspeb.org.br\/wp-content\/uploads\/2021\/07\/Itinerante-62.png 1509w\" sizes=\"(max-width: 300px) 100vw, 300px\" \/><\/p>\n<p>O Presidente do Sindicato dos Servidores da Pol\u00edcia Penal do Estado da Bahia-SINSPPEB, Reivon Pimentel, comunica que a partir desta semana, o SINSPPEB ITINERANTE come\u00e7ar\u00e1 a visitar as Unidades Prisionais do Interior do Estado. A finalidade das viagens \u00e9 inspecionar e acompanhar de perto as dificuldades e os problemas enfrentados pela Categoria.<\/p>\n<p>Posteriormente, ser\u00e3o tra\u00e7adas estrat\u00e9gias com o objetivo de resolver com brevidade os problemas apresentados.<\/p>\n<p>Na pr\u00f3xima quinta-feira (08.07.21), a primeira Unidade a ser visitada ser\u00e1 a de Paulo Afonso, onde j\u00e1 na sexta-feira (09.07.21) \u00e0s 08h, ocorrer\u00e1 uma reuni\u00e3o com todos os Servidores e Servidoras.<\/p>\n<p>SINSPPEB \u2013 SINDICATO DE VERDADE!<\/p>\n<p>ASCOM \u2013 SINSPPEB<\/p>\n","protected":false},"excerpt":{"rendered":"<p>O Presidente do Sindicato dos Servidores da Pol\u00edcia Penal do Estado da Bahia-SINSPPEB, Reivon Pimentel, comunica que a partir desta<\/p>\n","protected":false},"author":3,"featured_media":2465,"comment_status":"open","ping_status":"open","sticky":false,"template":"","format":"standard","meta":{"colormag_page_container_layout":"default_layout","colormag_page_sidebar_layout":"default_layout","footnotes":""},"categories":[45,1],"tags":[],"class_list":["post-2464","post","type-post","status-publish","format-standard","has-post-thumbnail","hentry","category-importante","category-noticias"],"_links":{"self":[{"href":"https:\/\/sinspeb.org.br\/index.php?rest_route=\/wp\/v2\/posts\/2464","targetHints":{"allow":["GET"]}}],"collection":[{"href":"https:\/\/sinspeb.org.br\/index.php?rest_route=\/wp\/v2\/posts"}],"about":[{"href":"https:\/\/sinspeb.org.br\/index.php?rest_route=\/wp\/v2\/types\/post"}],"author":[{"embeddable":true,"href":"https:\/\/sinspeb.org.br\/index.php?rest_route=\/wp\/v2\/users\/3"}],"replies":[{"embeddable":true,"href":"https:\/\/sinspeb.org.br\/index.php?rest_route=%2Fwp%2Fv2%2Fcomments&post=2464"}],"version-history":[{"count":2,"href":"https:\/\/sinspeb.org.br\/index.php?rest_route=\/wp\/v2\/posts\/2464\/revisions"}],"predecessor-version":[{"id":2467,"href":"https:\/\/sinspeb.org.br\/index.php?rest_route=\/wp\/v2\/posts\/2464\/revisions\/2467"}],"wp:featuredmedia":[{"embeddable":true,"href":"https:\/\/sinspeb.org.br\/index.php?rest_route=\/wp\/v2\/media\/2465"}],"wp:attachment":[{"href":"https:\/\/sinspeb.org.br\/index.php?rest_route=%2Fwp%2Fv2%2Fmedia&parent=2464"}],"wp:term":[{"taxonomy":"category","embeddable":true,"href":"https:\/\/sinspeb.org.br\/index.php?rest_route=%2Fwp%2Fv2%2Fcategories&post=2464"},{"taxonomy":"post_tag","embeddable":true,"href":"https:\/\/sinspeb.org.br\/index.php?rest_route=%2Fwp%2Fv2%2Ftags&post=2464"}],"curies":[{"name":"wp","href":"https:\/\/api.w.org\/{rel}","templated":true}]}}