{"id":2474,"date":"2021-07-07T18:08:05","date_gmt":"2021-07-07T21:08:05","guid":{"rendered":"http:\/\/sinspeb.org.br\/?p=2474"},"modified":"2021-07-07T18:08:05","modified_gmt":"2021-07-07T21:08:05","slug":"visita-do-sinsppeb-itinerante-as-unidades-do-interior-sera-adiada-para-a-proxima-sexta-feira","status":"publish","type":"post","link":"https:\/\/sinspeb.org.br\/?p=2474","title":{"rendered":"VISITA DO SINSPPEB ITINERANTE \u00c0S UNIDADES DO INTERIOR SER\u00c1 ADIADA PARA A PR\u00d3XIMA SEXTA-FEIRA"},"content":{"rendered":"<p>O Presidente do Sindicato dos Servidores da Pol\u00edcia Penal do Estado da Bahia-SINSPPEB, Reivon Pimentel, comunica que a visita \u00e0s Unidades do Interior que come\u00e7aria amanh\u00e3 (08.07.21), ser\u00e1 adiada para a pr\u00f3xima sexta-feira (09.07.21). Al\u00e9m disso, em vez de come\u00e7ar a visita pela Unidade de Paulo Afonso, a primeira Unidade a ser visitada ser\u00e1 a de Jequi\u00e9, pois ap\u00f3s a morte de um interno, a situa\u00e7\u00e3o na Unidade est\u00e1 bastante tensa.<\/p>\n<p>Ressaltamos que, o adiamento da viagem se deu por conta de uma Audi\u00eancia com o Deputado Estadual Niltinho (PP), para tratar da Proposta de Emenda \u00e0 Constitui\u00e7\u00e3o n\u00b0 160\/2020 (PEC da Pol\u00edcia Penal). A referida Audi\u00eancia estava marcada para ontem (06.07.21) \u00e0s 14h, por\u00e9m precisou ser remarcada para amanh\u00e3 (08.07.21), no mesmo hor\u00e1rio.<\/p>\n<p>GEST\u00c3O UFC &#8211; NA LUTA PELA APROVA\u00c7\u00c3O DA PEC DA POL\u00cdCIA PENAL!<\/p>\n<p>ASCOM \u2013 SINSPPEB<\/p>\n","protected":false},"excerpt":{"rendered":"<p>O Presidente do Sindicato dos Servidores da Pol\u00edcia Penal do Estado da Bahia-SINSPPEB, Reivon Pimentel, comunica que a visita \u00e0s<\/p>\n","protected":false},"author":3,"featured_media":2476,"comment_status":"open","ping_status":"open","sticky":false,"template":"","format":"standard","meta":{"colormag_page_container_layout":"default_layout","colormag_page_sidebar_layout":"default_layout","footnotes":""},"categories":[45,1],"tags":[],"class_list":["post-2474","post","type-post","status-publish","format-standard","has-post-thumbnail","hentry","category-importante","category-noticias"],"_links":{"self":[{"href":"https:\/\/sinspeb.org.br\/index.php?rest_route=\/wp\/v2\/posts\/2474","targetHints":{"allow":["GET"]}}],"collection":[{"href":"https:\/\/sinspeb.org.br\/index.php?rest_route=\/wp\/v2\/posts"}],"about":[{"href":"https:\/\/sinspeb.org.br\/index.php?rest_route=\/wp\/v2\/types\/post"}],"author":[{"embeddable":true,"href":"https:\/\/sinspeb.org.br\/index.php?rest_route=\/wp\/v2\/users\/3"}],"replies":[{"embeddable":true,"href":"https:\/\/sinspeb.org.br\/index.php?rest_route=%2Fwp%2Fv2%2Fcomments&post=2474"}],"version-history":[{"count":1,"href":"https:\/\/sinspeb.org.br\/index.php?rest_route=\/wp\/v2\/posts\/2474\/revisions"}],"predecessor-version":[{"id":2477,"href":"https:\/\/sinspeb.org.br\/index.php?rest_route=\/wp\/v2\/posts\/2474\/revisions\/2477"}],"wp:featuredmedia":[{"embeddable":true,"href":"https:\/\/sinspeb.org.br\/index.php?rest_route=\/wp\/v2\/media\/2476"}],"wp:attachment":[{"href":"https:\/\/sinspeb.org.br\/index.php?rest_route=%2Fwp%2Fv2%2Fmedia&parent=2474"}],"wp:term":[{"taxonomy":"category","embeddable":true,"href":"https:\/\/sinspeb.org.br\/index.php?rest_route=%2Fwp%2Fv2%2Fcategories&post=2474"},{"taxonomy":"post_tag","embeddable":true,"href":"https:\/\/sinspeb.org.br\/index.php?rest_route=%2Fwp%2Fv2%2Ftags&post=2474"}],"curies":[{"name":"wp","href":"https:\/\/api.w.org\/{rel}","templated":true}]}}