{"id":2478,"date":"2021-07-07T19:04:09","date_gmt":"2021-07-07T22:04:09","guid":{"rendered":"http:\/\/sinspeb.org.br\/?p=2478"},"modified":"2021-07-07T19:04:09","modified_gmt":"2021-07-07T22:04:09","slug":"%e2%9c%a8homenagem-da-gestao-ufc-do-sinsppeb-aos-guerreiros-e-guerreiras-da-primeira-turma-de-2010%e2%9c%a8","status":"publish","type":"post","link":"https:\/\/sinspeb.org.br\/?p=2478","title":{"rendered":"\u2728Homenagem da Gest\u00e3o UFC do SINSPPEB aos Guerreiros e Guerreiras da primeira Turma de 2010\u2728"},"content":{"rendered":"<p>&nbsp;<\/p>\n<p><img fetchpriority=\"high\" decoding=\"async\" class=\"alignnone size-medium wp-image-2475\" src=\"http:\/\/sinspeb.org.br\/wp-content\/uploads\/2021\/07\/Homenaem-a-primeira-turma-de-2010-32-300x226.png\" alt=\"\" width=\"300\" height=\"226\" srcset=\"https:\/\/sinspeb.org.br\/wp-content\/uploads\/2021\/07\/Homenaem-a-primeira-turma-de-2010-32-300x226.png 300w, https:\/\/sinspeb.org.br\/wp-content\/uploads\/2021\/07\/Homenaem-a-primeira-turma-de-2010-32-1024x770.png 1024w, https:\/\/sinspeb.org.br\/wp-content\/uploads\/2021\/07\/Homenaem-a-primeira-turma-de-2010-32-768x578.png 768w, https:\/\/sinspeb.org.br\/wp-content\/uploads\/2021\/07\/Homenaem-a-primeira-turma-de-2010-32-1536x1155.png 1536w, https:\/\/sinspeb.org.br\/wp-content\/uploads\/2021\/07\/Homenaem-a-primeira-turma-de-2010-32.png 1649w\" sizes=\"(max-width: 300px) 100vw, 300px\" \/><br \/>\nO Presidente do Sindicato dos Servidores da Pol\u00edcia Penal do Estado da Bahia-SINSPPEB, Reivon Pimentel, em nome de toda Gest\u00e3o Uni\u00e3o, For\u00e7a e Conquistas-UFC, parabeniza a todos os Servidores e Servidoras da Pol\u00edcia Penal da primeira Turma de 2010, pelos 10 anos de luta e dedica\u00e7\u00e3o em prol do Sistema de Defesa Social!<\/p>\n<p>\ud83d\udc4f\ud83c\udffc\ud83d\udc4f\ud83c\udffc\ud83d\udc4f\ud83c\udffc\ud83d\udc4f\ud83c\udffc\ud83d\udc4f\ud83c\udffc\ud83d\udc4f\ud83c\udffc\ud83d\udc4f\ud83c\udffc\ud83d\udc4f\ud83c\udffc<\/p>\n<p>ASCOM-SINSPPEB<\/p>\n","protected":false},"excerpt":{"rendered":"<p>&nbsp; O Presidente do Sindicato dos Servidores da Pol\u00edcia Penal do Estado da Bahia-SINSPPEB, Reivon Pimentel, em nome de toda<\/p>\n","protected":false},"author":3,"featured_media":2475,"comment_status":"open","ping_status":"open","sticky":false,"template":"","format":"standard","meta":{"colormag_page_container_layout":"default_layout","colormag_page_sidebar_layout":"default_layout","footnotes":""},"categories":[45,1],"tags":[],"class_list":["post-2478","post","type-post","status-publish","format-standard","has-post-thumbnail","hentry","category-importante","category-noticias"],"_links":{"self":[{"href":"https:\/\/sinspeb.org.br\/index.php?rest_route=\/wp\/v2\/posts\/2478","targetHints":{"allow":["GET"]}}],"collection":[{"href":"https:\/\/sinspeb.org.br\/index.php?rest_route=\/wp\/v2\/posts"}],"about":[{"href":"https:\/\/sinspeb.org.br\/index.php?rest_route=\/wp\/v2\/types\/post"}],"author":[{"embeddable":true,"href":"https:\/\/sinspeb.org.br\/index.php?rest_route=\/wp\/v2\/users\/3"}],"replies":[{"embeddable":true,"href":"https:\/\/sinspeb.org.br\/index.php?rest_route=%2Fwp%2Fv2%2Fcomments&post=2478"}],"version-history":[{"count":1,"href":"https:\/\/sinspeb.org.br\/index.php?rest_route=\/wp\/v2\/posts\/2478\/revisions"}],"predecessor-version":[{"id":2479,"href":"https:\/\/sinspeb.org.br\/index.php?rest_route=\/wp\/v2\/posts\/2478\/revisions\/2479"}],"wp:featuredmedia":[{"embeddable":true,"href":"https:\/\/sinspeb.org.br\/index.php?rest_route=\/wp\/v2\/media\/2475"}],"wp:attachment":[{"href":"https:\/\/sinspeb.org.br\/index.php?rest_route=%2Fwp%2Fv2%2Fmedia&parent=2478"}],"wp:term":[{"taxonomy":"category","embeddable":true,"href":"https:\/\/sinspeb.org.br\/index.php?rest_route=%2Fwp%2Fv2%2Fcategories&post=2478"},{"taxonomy":"post_tag","embeddable":true,"href":"https:\/\/sinspeb.org.br\/index.php?rest_route=%2Fwp%2Fv2%2Ftags&post=2478"}],"curies":[{"name":"wp","href":"https:\/\/api.w.org\/{rel}","templated":true}]}}