{"id":2480,"date":"2021-07-09T21:33:36","date_gmt":"2021-07-10T00:33:36","guid":{"rendered":"http:\/\/sinspeb.org.br\/?p=2480"},"modified":"2021-07-09T21:33:36","modified_gmt":"2021-07-10T00:33:36","slug":"sinsppeb-itinerante-visita-conjunto-penal-de-jequie","status":"publish","type":"post","link":"https:\/\/sinspeb.org.br\/?p=2480","title":{"rendered":"SINSPPEB ITINERANTE VISITA CONJUNTO PENAL DE JEQUI\u00c9"},"content":{"rendered":"<p>O Presidente do Sindicato dos Servidores da Pol\u00edcia Penal do Estado da Bahia-SINSPPEB, Reivon Pimentel, comunica que a visita do SINSPPEB ITINERANTE \u00e0s Unidades do Interior come\u00e7ou hoje (09.07.21), pelo Conjunto Penal de Jequi\u00e9.<\/p>\n<p>Segundo o Diretor do Interior do SINSPPEB e tamb\u00e9m Policial Penal lotado no CPJ, Jos\u00e9 Ramalho &#8220;a visita dos representantes do SINSPPEB \u00e0 Unidade foi muito importante, pois eles presenciaram in loco, que a falta de efetivo tem impossibilitado a realiza\u00e7\u00e3o das atividades exigidas pela Secretaria de Administra\u00e7\u00e3o Penitenci\u00e1ria e Ressocializa\u00e7\u00e3o do Estado da Bahia&#8221;.<\/p>\n<p>Diante de todos os problemas relatados pelos Policiais Penais plantonistas, o Presidente Reivon solicitar\u00e1 agendamento de uma reuni\u00e3o com a Dire\u00e7\u00e3o e\/ou Comiss\u00e3o Interventora, com a finalidade de dar conhecimento aos gestores da impossibilidade de implanta\u00e7\u00e3o de uma nova sistem\u00e1tica nos procedimentos de abertura e fechamento das celas, visto que, o baix\u00edssimo quantitativo de Policiais Penais n\u00e3o oferece seguran\u00e7a a equipe plantonista, que n\u00e3o passa de 02 (dois) Policiais Penais em m\u00e9dia por pavilh\u00e3o.<\/p>\n<p>O Presidente do SINSPPEB, parabeniza a todos os integrantes do Grupo Especializado em Opera\u00e7\u00f5es Penitenci\u00e1rias-GEOP das Unidade de Vit\u00f3ria da Conquista, Ilh\u00e9us e da pr\u00f3pria Unidade de Jequi\u00e9, que de forma competente e respons\u00e1vel est\u00e3o dando suporte armado aos colegas do CPJ nos procedimentos de abertura e fechamento das celas!<\/p>\n<p>\u26a0\ufe0f Avisamos que, amanh\u00e3, a pr\u00f3xima visita ser\u00e1 no Conjunto Penal Advogado Nilton Gon\u00e7alves situado em Vit\u00f3ria da Conquista.<\/p>\n<p>GEST\u00c3O UFC &#8211; POR RESPEITO E LABOR DIGNO!<\/p>\n<p>ASCOM \u2013 SINSPPEB<\/p>\n<p>&nbsp;<\/p>\n","protected":false},"excerpt":{"rendered":"<p>O Presidente do Sindicato dos Servidores da Pol\u00edcia Penal do Estado da Bahia-SINSPPEB, Reivon Pimentel, comunica que a visita do<\/p>\n","protected":false},"author":3,"featured_media":2465,"comment_status":"open","ping_status":"open","sticky":false,"template":"","format":"standard","meta":{"colormag_page_container_layout":"default_layout","colormag_page_sidebar_layout":"default_layout","footnotes":""},"categories":[45,1],"tags":[],"class_list":["post-2480","post","type-post","status-publish","format-standard","has-post-thumbnail","hentry","category-importante","category-noticias"],"_links":{"self":[{"href":"https:\/\/sinspeb.org.br\/index.php?rest_route=\/wp\/v2\/posts\/2480","targetHints":{"allow":["GET"]}}],"collection":[{"href":"https:\/\/sinspeb.org.br\/index.php?rest_route=\/wp\/v2\/posts"}],"about":[{"href":"https:\/\/sinspeb.org.br\/index.php?rest_route=\/wp\/v2\/types\/post"}],"author":[{"embeddable":true,"href":"https:\/\/sinspeb.org.br\/index.php?rest_route=\/wp\/v2\/users\/3"}],"replies":[{"embeddable":true,"href":"https:\/\/sinspeb.org.br\/index.php?rest_route=%2Fwp%2Fv2%2Fcomments&post=2480"}],"version-history":[{"count":1,"href":"https:\/\/sinspeb.org.br\/index.php?rest_route=\/wp\/v2\/posts\/2480\/revisions"}],"predecessor-version":[{"id":2481,"href":"https:\/\/sinspeb.org.br\/index.php?rest_route=\/wp\/v2\/posts\/2480\/revisions\/2481"}],"wp:featuredmedia":[{"embeddable":true,"href":"https:\/\/sinspeb.org.br\/index.php?rest_route=\/wp\/v2\/media\/2465"}],"wp:attachment":[{"href":"https:\/\/sinspeb.org.br\/index.php?rest_route=%2Fwp%2Fv2%2Fmedia&parent=2480"}],"wp:term":[{"taxonomy":"category","embeddable":true,"href":"https:\/\/sinspeb.org.br\/index.php?rest_route=%2Fwp%2Fv2%2Fcategories&post=2480"},{"taxonomy":"post_tag","embeddable":true,"href":"https:\/\/sinspeb.org.br\/index.php?rest_route=%2Fwp%2Fv2%2Ftags&post=2480"}],"curies":[{"name":"wp","href":"https:\/\/api.w.org\/{rel}","templated":true}]}}