{"id":2482,"date":"2021-07-10T15:00:00","date_gmt":"2021-07-10T18:00:00","guid":{"rendered":"http:\/\/sinspeb.org.br\/?p=2482"},"modified":"2021-07-10T15:00:00","modified_gmt":"2021-07-10T18:00:00","slug":"presidente-do-sinsppeb-reitera-oficios-aos-orgaos-competentes-requerendo-a-mediacao-destes-para-dirimir-o-conflito-criado-pela-seap-para-com-a-categoria-dos-policiais-penais","status":"publish","type":"post","link":"https:\/\/sinspeb.org.br\/?p=2482","title":{"rendered":"PRESIDENTE DO SINSPPEB REITERA OF\u00cdCIOS AOS \u00d3RG\u00c3OS COMPETENTES REQUERENDO A MEDIA\u00c7\u00c3O DESTES PARA DIRIMIR O CONFLITO CRIADO PELA SEAP PARA COM A CATEGORIA DOS POLICIAIS PENAIS"},"content":{"rendered":"<p>Na tarde de quinta-feira (08.07.21), o Presidente do Sindicato dos Sevidores da Pol\u00edcia Penal do Estado da Bahia-SINSPPEB, Reivon Pimentel, reiterou of\u00edcios junto \u00e0s autoridades competentes, solicitando que estas intermediem em favor dos Policiais Penais do Estado da Bahia, no que diz respeito a inclus\u00e3o dos representantes do SINSPPEB no Grupo de Trabalho criado pela Portaria n\u00b0 152\/2021 da Secretaria de Administra\u00e7\u00e3o Penitenci\u00e1ria e Ressocializa\u00e7\u00e3o do Estado da Bahia-SEAP\/BA, bem como em favor da celeridade na Aprova\u00e7\u00e3o da Proposta de Emenda \u00e0 Constitui\u00e7\u00e3o n\u00b0160\/2020 (PEC da Pol\u00edcia Penal).<\/p>\n<p>Al\u00e9m disso, foi anexada aos mencionados of\u00edcios, a ATA da Assembleia Geral Extraordin\u00e1ria realizada em frente \u00e0 Sede da SEAP no \u00faltimo dia 30 de junho de 2021.<\/p>\n<p>Vale ressaltar, que as autoridades oficiadas foram: o Presidente do Tribunal de Justi\u00e7a do Estado da Bahia, Desembargador Lourival Almeida Trindade (of\u00edcio n\u00b0 132), a Procuradora Geral de Justi\u00e7a do Estado da Bahia, Doutora Norma Ang\u00e9lica Reis Cardoso Cavalcanti (of\u00edcio n\u00b0 133) e o Coordenador do Grupo de Monitoramento e Fiscaliza\u00e7\u00e3o do Sistema Carcer\u00e1rio do Tribunal de Justi\u00e7a do Estado da Bahia, Doutor Pedro Augusto Costa Guerra (of\u00edcio n\u00b0 134).<\/p>\n<p>Na oportunidade, foram tamb\u00e9m protocololados of\u00edcios ao Governador, Senhor Rui Costa (n\u00b0 139), ao Secret\u00e1rio da SEAP, Senhor Nestor Duarte (of\u00edcio n\u00b0 131), como tamb\u00e9m ao Defensor P\u00fablico Geral do Estado da Bahia, Doutor Rafson Saraiva Ximenes (of\u00edcio n\u00b0 138) e ao Presidente da Ordem dos Advogados do Brasil, se\u00e7\u00e3o Bahia, Fabr\u00edcio de Castro Oliveira (of\u00edcio n\u00b0 135), dando ci\u00eancia aos mesmos da decis\u00e3o tomada em Assembleia pelos Policiais Penais de decretar Estado de Greve.<\/p>\n<p>Lembramos ainda, que como foi votado por unanimidade pelos Servidores e Servidoras presentes no dia da Assembleia; n\u00e3o havendo resposta favor\u00e1vel das referidas autoridades citadas acima at\u00e9 a pr\u00f3xima Assembleia que ser\u00e1 realizada no dia 28.07.21 em frente \u00e0 Governadoria, ser\u00e1 deflagrada Paralisa\u00e7\u00e3o ou GREVE GERAL.<\/p>\n<p>Ainda referente \u00e0s tratativas e estrat\u00e9gias de luta em prol da aprova\u00e7\u00e3o da PEC da Pol\u00edcia Penal, na tarde de ontem (09.07.21), depois da visita do SINSPPEB ITINERANTE \u00e0 Unidade de Jequi\u00e9, encontramos na citada Cidade, o Deputado Estadual Bob\u00f4 (PC do B) e o Deputado Federal Daniel Almeida (PC do B). Ambos os parlamentares declararam ser justo o pleito da categoria em rela\u00e7\u00e3o a cria\u00e7\u00e3o da Pol\u00edcia Penal na Bahia e reinteraram apoio \u00e0 PEC 160\/2020.<\/p>\n<p><img fetchpriority=\"high\" decoding=\"async\" class=\"alignnone size-medium wp-image-2490\" src=\"http:\/\/sinspeb.org.br\/wp-content\/uploads\/2021\/07\/CamScanner-07-09-2021-09.20_1-205x300.jpg\" alt=\"\" width=\"205\" height=\"300\" srcset=\"https:\/\/sinspeb.org.br\/wp-content\/uploads\/2021\/07\/CamScanner-07-09-2021-09.20_1-205x300.jpg 205w, https:\/\/sinspeb.org.br\/wp-content\/uploads\/2021\/07\/CamScanner-07-09-2021-09.20_1-699x1024.jpg 699w, https:\/\/sinspeb.org.br\/wp-content\/uploads\/2021\/07\/CamScanner-07-09-2021-09.20_1-768x1125.jpg 768w, https:\/\/sinspeb.org.br\/wp-content\/uploads\/2021\/07\/CamScanner-07-09-2021-09.20_1-1048x1536.jpg 1048w, https:\/\/sinspeb.org.br\/wp-content\/uploads\/2021\/07\/CamScanner-07-09-2021-09.20_1-1398x2048.jpg 1398w, https:\/\/sinspeb.org.br\/wp-content\/uploads\/2021\/07\/CamScanner-07-09-2021-09.20_1-scaled.jpg 1747w\" sizes=\"(max-width: 205px) 100vw, 205px\" \/><\/p>\n<p><img decoding=\"async\" class=\"alignnone size-medium wp-image-2489\" src=\"http:\/\/sinspeb.org.br\/wp-content\/uploads\/2021\/07\/CamScanner-07-09-2021-09.20_2-189x300.jpg\" alt=\"\" width=\"189\" height=\"300\" srcset=\"https:\/\/sinspeb.org.br\/wp-content\/uploads\/2021\/07\/CamScanner-07-09-2021-09.20_2-189x300.jpg 189w, https:\/\/sinspeb.org.br\/wp-content\/uploads\/2021\/07\/CamScanner-07-09-2021-09.20_2-644x1024.jpg 644w, https:\/\/sinspeb.org.br\/wp-content\/uploads\/2021\/07\/CamScanner-07-09-2021-09.20_2-768x1221.jpg 768w, https:\/\/sinspeb.org.br\/wp-content\/uploads\/2021\/07\/CamScanner-07-09-2021-09.20_2-966x1536.jpg 966w, https:\/\/sinspeb.org.br\/wp-content\/uploads\/2021\/07\/CamScanner-07-09-2021-09.20_2-1288x2048.jpg 1288w, https:\/\/sinspeb.org.br\/wp-content\/uploads\/2021\/07\/CamScanner-07-09-2021-09.20_2-scaled.jpg 1610w\" sizes=\"(max-width: 189px) 100vw, 189px\" \/><\/p>\n<p><img decoding=\"async\" class=\"alignnone size-medium wp-image-2488\" src=\"http:\/\/sinspeb.org.br\/wp-content\/uploads\/2021\/07\/CamScanner-07-09-2021-09.20_3-187x300.jpg\" alt=\"\" width=\"187\" height=\"300\" srcset=\"https:\/\/sinspeb.org.br\/wp-content\/uploads\/2021\/07\/CamScanner-07-09-2021-09.20_3-187x300.jpg 187w, https:\/\/sinspeb.org.br\/wp-content\/uploads\/2021\/07\/CamScanner-07-09-2021-09.20_3-639x1024.jpg 639w, https:\/\/sinspeb.org.br\/wp-content\/uploads\/2021\/07\/CamScanner-07-09-2021-09.20_3-768x1230.jpg 768w, https:\/\/sinspeb.org.br\/wp-content\/uploads\/2021\/07\/CamScanner-07-09-2021-09.20_3-959x1536.jpg 959w, https:\/\/sinspeb.org.br\/wp-content\/uploads\/2021\/07\/CamScanner-07-09-2021-09.20_3-1279x2048.jpg 1279w, https:\/\/sinspeb.org.br\/wp-content\/uploads\/2021\/07\/CamScanner-07-09-2021-09.20_3-scaled.jpg 1598w\" sizes=\"(max-width: 187px) 100vw, 187px\" \/><\/p>\n<p><img loading=\"lazy\" decoding=\"async\" class=\"alignnone size-medium wp-image-2487\" src=\"http:\/\/sinspeb.org.br\/wp-content\/uploads\/2021\/07\/CamScanner-07-09-2021-09.20_4-215x300.jpg\" alt=\"\" width=\"215\" height=\"300\" srcset=\"https:\/\/sinspeb.org.br\/wp-content\/uploads\/2021\/07\/CamScanner-07-09-2021-09.20_4-215x300.jpg 215w, https:\/\/sinspeb.org.br\/wp-content\/uploads\/2021\/07\/CamScanner-07-09-2021-09.20_4-733x1024.jpg 733w, https:\/\/sinspeb.org.br\/wp-content\/uploads\/2021\/07\/CamScanner-07-09-2021-09.20_4-768x1072.jpg 768w, https:\/\/sinspeb.org.br\/wp-content\/uploads\/2021\/07\/CamScanner-07-09-2021-09.20_4-1100x1536.jpg 1100w, https:\/\/sinspeb.org.br\/wp-content\/uploads\/2021\/07\/CamScanner-07-09-2021-09.20_4-1467x2048.jpg 1467w, https:\/\/sinspeb.org.br\/wp-content\/uploads\/2021\/07\/CamScanner-07-09-2021-09.20_4-scaled.jpg 1833w\" sizes=\"(max-width: 215px) 100vw, 215px\" \/><\/p>\n<p><img loading=\"lazy\" decoding=\"async\" class=\"alignnone size-medium wp-image-2486\" src=\"http:\/\/sinspeb.org.br\/wp-content\/uploads\/2021\/07\/Screenshot_20210709-1709272-203x300.png\" alt=\"\" width=\"203\" height=\"300\" srcset=\"https:\/\/sinspeb.org.br\/wp-content\/uploads\/2021\/07\/Screenshot_20210709-1709272-203x300.png 203w, https:\/\/sinspeb.org.br\/wp-content\/uploads\/2021\/07\/Screenshot_20210709-1709272.png 642w\" sizes=\"(max-width: 203px) 100vw, 203px\" \/><\/p>\n<p><img loading=\"lazy\" decoding=\"async\" class=\"alignnone size-medium wp-image-2485\" src=\"http:\/\/sinspeb.org.br\/wp-content\/uploads\/2021\/07\/Screenshot_20210709-1710372-205x300.png\" alt=\"\" width=\"205\" height=\"300\" srcset=\"https:\/\/sinspeb.org.br\/wp-content\/uploads\/2021\/07\/Screenshot_20210709-1710372-205x300.png 205w, https:\/\/sinspeb.org.br\/wp-content\/uploads\/2021\/07\/Screenshot_20210709-1710372.png 620w\" sizes=\"(max-width: 205px) 100vw, 205px\" \/><img loading=\"lazy\" decoding=\"async\" class=\"alignnone size-medium wp-image-2484\" src=\"http:\/\/sinspeb.org.br\/wp-content\/uploads\/2021\/07\/Screenshot_20210709-1711242-208x300.png\" alt=\"\" width=\"208\" height=\"300\" srcset=\"https:\/\/sinspeb.org.br\/wp-content\/uploads\/2021\/07\/Screenshot_20210709-1711242-208x300.png 208w, https:\/\/sinspeb.org.br\/wp-content\/uploads\/2021\/07\/Screenshot_20210709-1711242.png 631w\" sizes=\"(max-width: 208px) 100vw, 208px\" \/><\/p>\n<p>&nbsp;<\/p>\n<p>GEST\u00c3O UFC &#8211; O NOSSO TRABALHO VOC\u00ca V\u00ca!<\/p>\n<p>ASCOM &#8211; SINSPPEB<\/p>\n","protected":false},"excerpt":{"rendered":"<p>Na tarde de quinta-feira (08.07.21), o Presidente do Sindicato dos Sevidores da Pol\u00edcia Penal do Estado da Bahia-SINSPPEB, Reivon Pimentel,<\/p>\n","protected":false},"author":3,"featured_media":2492,"comment_status":"open","ping_status":"open","sticky":false,"template":"","format":"standard","meta":{"colormag_page_container_layout":"default_layout","colormag_page_sidebar_layout":"default_layout","footnotes":""},"categories":[45,1],"tags":[],"class_list":["post-2482","post","type-post","status-publish","format-standard","has-post-thumbnail","hentry","category-importante","category-noticias"],"_links":{"self":[{"href":"https:\/\/sinspeb.org.br\/index.php?rest_route=\/wp\/v2\/posts\/2482","targetHints":{"allow":["GET"]}}],"collection":[{"href":"https:\/\/sinspeb.org.br\/index.php?rest_route=\/wp\/v2\/posts"}],"about":[{"href":"https:\/\/sinspeb.org.br\/index.php?rest_route=\/wp\/v2\/types\/post"}],"author":[{"embeddable":true,"href":"https:\/\/sinspeb.org.br\/index.php?rest_route=\/wp\/v2\/users\/3"}],"replies":[{"embeddable":true,"href":"https:\/\/sinspeb.org.br\/index.php?rest_route=%2Fwp%2Fv2%2Fcomments&post=2482"}],"version-history":[{"count":2,"href":"https:\/\/sinspeb.org.br\/index.php?rest_route=\/wp\/v2\/posts\/2482\/revisions"}],"predecessor-version":[{"id":2493,"href":"https:\/\/sinspeb.org.br\/index.php?rest_route=\/wp\/v2\/posts\/2482\/revisions\/2493"}],"wp:featuredmedia":[{"embeddable":true,"href":"https:\/\/sinspeb.org.br\/index.php?rest_route=\/wp\/v2\/media\/2492"}],"wp:attachment":[{"href":"https:\/\/sinspeb.org.br\/index.php?rest_route=%2Fwp%2Fv2%2Fmedia&parent=2482"}],"wp:term":[{"taxonomy":"category","embeddable":true,"href":"https:\/\/sinspeb.org.br\/index.php?rest_route=%2Fwp%2Fv2%2Fcategories&post=2482"},{"taxonomy":"post_tag","embeddable":true,"href":"https:\/\/sinspeb.org.br\/index.php?rest_route=%2Fwp%2Fv2%2Ftags&post=2482"}],"curies":[{"name":"wp","href":"https:\/\/api.w.org\/{rel}","templated":true}]}}