{"id":2501,"date":"2021-07-14T14:41:06","date_gmt":"2021-07-14T17:41:06","guid":{"rendered":"http:\/\/sinspeb.org.br\/?p=2501"},"modified":"2021-07-14T14:41:06","modified_gmt":"2021-07-14T17:41:06","slug":"sinsppeb-itinerante-visita-conjunto-penal-de-paulo-afonso","status":"publish","type":"post","link":"https:\/\/sinspeb.org.br\/?p=2501","title":{"rendered":"SINSPPEB ITINERANTE VISITA CONJUNTO PENAL DE PAULO AFONSO"},"content":{"rendered":"<p>Na manh\u00e3 de ontem (13.07.21), o SINSPPEB ITINERANTE visitou o Conjunto Penal de Paulo Afonso-CPPA.<\/p>\n<p>Durante a visita, os representantes do SINSPPEB realizaram uma reuni\u00e3o e tiraram as d\u00favidas dos companheiros e companheiras da Unidade sobre a tramita\u00e7\u00e3o da Proposta de Emenda \u00e0 Constitui\u00e7\u00e3o n\u00b0 160\/2020.<\/p>\n<p>Logo ap\u00f3s elucidar as d\u00favidas em rela\u00e7\u00e3o a PEC da Pol\u00edcia Penal, foi explicado a respeito da Gratifica\u00e7\u00e3o de Servi\u00e7os Penitenci\u00e1rios e Aposentadoria, bem como sobre a import\u00e2ncia de se abrir um Concurso P\u00fablico com celeridade, visando recompor o efetivo de Policiais Penais.<\/p>\n<p>Assim como em Vit\u00f3ria da Conquista os(as) Policiais Penais se comprometeram em vir para \u00e0 Assembleia, os(as) Servidores(as) do CPPA tamb\u00e9m ir\u00e3o organizar um grupo para no dia 28.07.21 unirem for\u00e7as conosco em frente \u00e0 Governadoria, pois os mesmos j\u00e1 est\u00e3o cientes de que poder\u00e1 ser deflagrada neste dia GREVE GERAL.<\/p>\n<p>\u26a0\ufe0f Avisamos que, a pr\u00f3xima visita ser\u00e1 no Pres\u00eddio Regional Ariston Cardoso, localizado em Ilh\u00e9us. Desta forma, convocamos os Servidores e Servidoras para na pr\u00f3xima ter\u00e7a-feira (20.07.21) \u00e0s 08h participarem da reuni\u00e3o que ser\u00e1 realizada pelos representantes do SINSPPEB. J\u00e1 no dia 21.07.21 (quarta-feira), a reuniao ser\u00e1 no Conjunto Penal de Teixeira de Freitas, por isso, tamb\u00e9m convocamos todos(as) Policiais Penais da Unidade para estarem presentes \u00e0s 08h.<\/p>\n<p>GEST\u00c3O UFC &#8211; #APROVACAODA PEC160\/2020JA!<\/p>\n<p>ASCOM \u2013 SINSPPEB<\/p>\n","protected":false},"excerpt":{"rendered":"<p>Na manh\u00e3 de ontem (13.07.21), o SINSPPEB ITINERANTE visitou o Conjunto Penal de Paulo Afonso-CPPA. Durante a visita, os representantes<\/p>\n","protected":false},"author":3,"featured_media":2504,"comment_status":"open","ping_status":"open","sticky":false,"template":"","format":"standard","meta":{"colormag_page_container_layout":"default_layout","colormag_page_sidebar_layout":"default_layout","footnotes":""},"categories":[45,1],"tags":[],"class_list":["post-2501","post","type-post","status-publish","format-standard","has-post-thumbnail","hentry","category-importante","category-noticias"],"_links":{"self":[{"href":"https:\/\/sinspeb.org.br\/index.php?rest_route=\/wp\/v2\/posts\/2501","targetHints":{"allow":["GET"]}}],"collection":[{"href":"https:\/\/sinspeb.org.br\/index.php?rest_route=\/wp\/v2\/posts"}],"about":[{"href":"https:\/\/sinspeb.org.br\/index.php?rest_route=\/wp\/v2\/types\/post"}],"author":[{"embeddable":true,"href":"https:\/\/sinspeb.org.br\/index.php?rest_route=\/wp\/v2\/users\/3"}],"replies":[{"embeddable":true,"href":"https:\/\/sinspeb.org.br\/index.php?rest_route=%2Fwp%2Fv2%2Fcomments&post=2501"}],"version-history":[{"count":1,"href":"https:\/\/sinspeb.org.br\/index.php?rest_route=\/wp\/v2\/posts\/2501\/revisions"}],"predecessor-version":[{"id":2505,"href":"https:\/\/sinspeb.org.br\/index.php?rest_route=\/wp\/v2\/posts\/2501\/revisions\/2505"}],"wp:featuredmedia":[{"embeddable":true,"href":"https:\/\/sinspeb.org.br\/index.php?rest_route=\/wp\/v2\/media\/2504"}],"wp:attachment":[{"href":"https:\/\/sinspeb.org.br\/index.php?rest_route=%2Fwp%2Fv2%2Fmedia&parent=2501"}],"wp:term":[{"taxonomy":"category","embeddable":true,"href":"https:\/\/sinspeb.org.br\/index.php?rest_route=%2Fwp%2Fv2%2Fcategories&post=2501"},{"taxonomy":"post_tag","embeddable":true,"href":"https:\/\/sinspeb.org.br\/index.php?rest_route=%2Fwp%2Fv2%2Ftags&post=2501"}],"curies":[{"name":"wp","href":"https:\/\/api.w.org\/{rel}","templated":true}]}}