{"id":2511,"date":"2021-07-15T14:43:33","date_gmt":"2021-07-15T17:43:33","guid":{"rendered":"http:\/\/sinspeb.org.br\/?p=2511"},"modified":"2021-07-15T14:45:55","modified_gmt":"2021-07-15T17:45:55","slug":"representantes-da-gestao-ufc-do-sinsppeb-comparecem-ao-taf-dosas-novosas-policiais-penais","status":"publish","type":"post","link":"https:\/\/sinspeb.org.br\/?p=2511","title":{"rendered":"REPRESENTANTES DA GEST\u00c3O UFC DO SINSPPEB COMPARECEM AO TAF DOS(AS) NOVOS(AS) POLICIAIS PENAIS"},"content":{"rendered":"<p><img fetchpriority=\"high\" decoding=\"async\" class=\"alignnone size-medium wp-image-2512\" src=\"http:\/\/sinspeb.org.br\/wp-content\/uploads\/2021\/07\/TAF-do-dia-15.07.212-300x224.png\" alt=\"\" width=\"300\" height=\"224\" \/><\/p>\n<p>Na manh\u00e3 de hoje (15.07.21), ocorreu o Teste de Aptid\u00e3o F\u00edsica-TAF dos(as) aprovados(as) no concurso de 2014. Estes Guerreiros e Guerreiras esperaram e perseveraram durante 07 (sete) anos at\u00e9 a chegada deste importante momento.<\/p>\n<p>Por este motivo, os representantes do Sindicato dos Servidores da Pol\u00edcia Penal do Estado da Bahia-SINSPPEB, Reivon Pimentel e Jorge Bastos fizeram quest\u00e3o de levar apoio moral aos(\u00e0s) novos(as) Policiais Penais.<\/p>\n<p>Como bem dizia Joseph Addiso: \u201cSe quiser triunfar na vida, fa\u00e7a da perseveran\u00e7a a sua melhor amiga; da experi\u00eancia, o seu conselheiro; da prud\u00eancia, o seu irm\u00e3o mais velho; e da esperan\u00e7a, o seu anjo da guarda\u201d.<\/p>\n<p>Com base na garra e esperan\u00e7a que estes(as) candidatos(as) tiveram durante todos esses anos, o Presidente Reivon Pimentel e toda Gest\u00e3o UFC vos parabenizam por vencerem mais uma batalha na luta para serem Policiais Penais. Voc\u00eas merecem! \ud83d\udc4f\ud83c\udffc\ud83d\udc4f\ud83c\udffc\ud83d\udc4f\ud83c\udffc\ud83d\udc4f\ud83c\udffc\ud83d\udc4f\ud83c\udffc\ud83d\udc4f\ud83c\udffc\ud83e\udd73\ud83e\udd73\ud83e\udd73\ud83e\udd73<\/p>\n<p>ASCOM &#8211; SINSPPEB<\/p>\n","protected":false},"excerpt":{"rendered":"<p>Na manh\u00e3 de hoje (15.07.21), ocorreu o Teste de Aptid\u00e3o F\u00edsica-TAF dos(as) aprovados(as) no concurso de 2014. Estes Guerreiros e<\/p>\n","protected":false},"author":3,"featured_media":2512,"comment_status":"open","ping_status":"open","sticky":false,"template":"","format":"standard","meta":{"colormag_page_container_layout":"default_layout","colormag_page_sidebar_layout":"default_layout","footnotes":""},"categories":[45,1],"tags":[],"class_list":["post-2511","post","type-post","status-publish","format-standard","has-post-thumbnail","hentry","category-importante","category-noticias"],"_links":{"self":[{"href":"https:\/\/sinspeb.org.br\/index.php?rest_route=\/wp\/v2\/posts\/2511","targetHints":{"allow":["GET"]}}],"collection":[{"href":"https:\/\/sinspeb.org.br\/index.php?rest_route=\/wp\/v2\/posts"}],"about":[{"href":"https:\/\/sinspeb.org.br\/index.php?rest_route=\/wp\/v2\/types\/post"}],"author":[{"embeddable":true,"href":"https:\/\/sinspeb.org.br\/index.php?rest_route=\/wp\/v2\/users\/3"}],"replies":[{"embeddable":true,"href":"https:\/\/sinspeb.org.br\/index.php?rest_route=%2Fwp%2Fv2%2Fcomments&post=2511"}],"version-history":[{"count":2,"href":"https:\/\/sinspeb.org.br\/index.php?rest_route=\/wp\/v2\/posts\/2511\/revisions"}],"predecessor-version":[{"id":2514,"href":"https:\/\/sinspeb.org.br\/index.php?rest_route=\/wp\/v2\/posts\/2511\/revisions\/2514"}],"wp:featuredmedia":[{"embeddable":true,"href":"https:\/\/sinspeb.org.br\/index.php?rest_route=\/wp\/v2\/media\/2512"}],"wp:attachment":[{"href":"https:\/\/sinspeb.org.br\/index.php?rest_route=%2Fwp%2Fv2%2Fmedia&parent=2511"}],"wp:term":[{"taxonomy":"category","embeddable":true,"href":"https:\/\/sinspeb.org.br\/index.php?rest_route=%2Fwp%2Fv2%2Fcategories&post=2511"},{"taxonomy":"post_tag","embeddable":true,"href":"https:\/\/sinspeb.org.br\/index.php?rest_route=%2Fwp%2Fv2%2Ftags&post=2511"}],"curies":[{"name":"wp","href":"https:\/\/api.w.org\/{rel}","templated":true}]}}