{"id":2531,"date":"2021-07-19T10:50:54","date_gmt":"2021-07-19T13:50:54","guid":{"rendered":"http:\/\/sinspeb.org.br\/?p=2531"},"modified":"2021-07-19T10:53:18","modified_gmt":"2021-07-19T13:53:18","slug":"sinsppeb-itinerante-visitara-amanha-o-presidio-regional-ariston-cardoso","status":"publish","type":"post","link":"https:\/\/sinspeb.org.br\/?p=2531","title":{"rendered":"SINSPPEB ITINERANTE VISITAR\u00c1 AMANH\u00c3 O PRES\u00cdDIO REGIONAL ARISTON CARDOSO"},"content":{"rendered":"<p><img fetchpriority=\"high\" decoding=\"async\" class=\"alignnone size-medium wp-image-2504\" src=\"http:\/\/sinspeb.org.br\/wp-content\/uploads\/2021\/07\/Itinerante-Pronto-300x226.png\" alt=\"\" width=\"300\" height=\"226\" srcset=\"https:\/\/sinspeb.org.br\/wp-content\/uploads\/2021\/07\/Itinerante-Pronto-300x226.png 300w, https:\/\/sinspeb.org.br\/wp-content\/uploads\/2021\/07\/Itinerante-Pronto-1024x772.png 1024w, https:\/\/sinspeb.org.br\/wp-content\/uploads\/2021\/07\/Itinerante-Pronto-768x579.png 768w, https:\/\/sinspeb.org.br\/wp-content\/uploads\/2021\/07\/Itinerante-Pronto.png 1489w\" sizes=\"(max-width: 300px) 100vw, 300px\" \/><\/p>\n<p>Avisamos que, amanh\u00e3 (20.07.21), o SINSPPEB ITINERANTE visitar\u00e1 o Pres\u00eddio Regional Ariston Cardoso, localizado em Ilh\u00e9us. Desta forma, convocamos os Servidores e Servidoras da Pol\u00edcia Penal para nesta ter\u00e7a-feira, \u00e0s 08h participarem da reuni\u00e3o que ser\u00e1 realizada pelos representantes do SINSPPEB.<\/p>\n<p>J\u00e1 no pr\u00f3ximo dia 21.07.21 (quarta-feira), ser\u00e1 visitado o Conjunto Penal de Teixeira de Freitas, por isso, tamb\u00e9m convocamos todos(as) Servidores(as) da Pol\u00edcia Penal para estarem presentes na reuni\u00e3o que ser\u00e1 realizada \u00e0s 08h.<\/p>\n<p>GEST\u00c3O UFC &#8211; #APROVACAODA PEC160\/2020JA!<\/p>\n<p>ASCOM \u2013 SINSPPEB<\/p>\n","protected":false},"excerpt":{"rendered":"<p>Avisamos que, amanh\u00e3 (20.07.21), o SINSPPEB ITINERANTE visitar\u00e1 o Pres\u00eddio Regional Ariston Cardoso, localizado em Ilh\u00e9us. Desta forma, convocamos os<\/p>\n","protected":false},"author":3,"featured_media":2504,"comment_status":"open","ping_status":"open","sticky":false,"template":"","format":"standard","meta":{"colormag_page_container_layout":"default_layout","colormag_page_sidebar_layout":"default_layout","footnotes":""},"categories":[45,1],"tags":[],"class_list":["post-2531","post","type-post","status-publish","format-standard","has-post-thumbnail","hentry","category-importante","category-noticias"],"_links":{"self":[{"href":"https:\/\/sinspeb.org.br\/index.php?rest_route=\/wp\/v2\/posts\/2531","targetHints":{"allow":["GET"]}}],"collection":[{"href":"https:\/\/sinspeb.org.br\/index.php?rest_route=\/wp\/v2\/posts"}],"about":[{"href":"https:\/\/sinspeb.org.br\/index.php?rest_route=\/wp\/v2\/types\/post"}],"author":[{"embeddable":true,"href":"https:\/\/sinspeb.org.br\/index.php?rest_route=\/wp\/v2\/users\/3"}],"replies":[{"embeddable":true,"href":"https:\/\/sinspeb.org.br\/index.php?rest_route=%2Fwp%2Fv2%2Fcomments&post=2531"}],"version-history":[{"count":2,"href":"https:\/\/sinspeb.org.br\/index.php?rest_route=\/wp\/v2\/posts\/2531\/revisions"}],"predecessor-version":[{"id":2533,"href":"https:\/\/sinspeb.org.br\/index.php?rest_route=\/wp\/v2\/posts\/2531\/revisions\/2533"}],"wp:featuredmedia":[{"embeddable":true,"href":"https:\/\/sinspeb.org.br\/index.php?rest_route=\/wp\/v2\/media\/2504"}],"wp:attachment":[{"href":"https:\/\/sinspeb.org.br\/index.php?rest_route=%2Fwp%2Fv2%2Fmedia&parent=2531"}],"wp:term":[{"taxonomy":"category","embeddable":true,"href":"https:\/\/sinspeb.org.br\/index.php?rest_route=%2Fwp%2Fv2%2Fcategories&post=2531"},{"taxonomy":"post_tag","embeddable":true,"href":"https:\/\/sinspeb.org.br\/index.php?rest_route=%2Fwp%2Fv2%2Ftags&post=2531"}],"curies":[{"name":"wp","href":"https:\/\/api.w.org\/{rel}","templated":true}]}}