{"id":2537,"date":"2021-07-20T12:50:19","date_gmt":"2021-07-20T15:50:19","guid":{"rendered":"http:\/\/sinspeb.org.br\/?p=2537"},"modified":"2021-07-20T12:50:19","modified_gmt":"2021-07-20T15:50:19","slug":"%f0%9f%97%a3%ef%b8%8f-convocacao-para-assembleia-geral-extraordinaria-em-frente-a-sede-da-governadoria-%f0%9f%93%a3-2","status":"publish","type":"post","link":"https:\/\/sinspeb.org.br\/?p=2537","title":{"rendered":"\ud83d\udde3\ufe0f CONVOCA\u00c7\u00c3O PARA ASSEMBLEIA GERAL EXTRAORDIN\u00c1RIA EM FRENTE \u00c0 SEDE DA GOVERNADORIA!!! \ud83d\udce3"},"content":{"rendered":"<p><img fetchpriority=\"high\" decoding=\"async\" class=\"alignnone size-medium wp-image-2523\" src=\"http:\/\/sinspeb.org.br\/wp-content\/uploads\/2021\/07\/Cartaz-da-Assembleia-Em-frente-a-Governadoria-5--212x300.png\" alt=\"\" width=\"212\" height=\"300\" srcset=\"https:\/\/sinspeb.org.br\/wp-content\/uploads\/2021\/07\/Cartaz-da-Assembleia-Em-frente-a-Governadoria-5--212x300.png 212w, https:\/\/sinspeb.org.br\/wp-content\/uploads\/2021\/07\/Cartaz-da-Assembleia-Em-frente-a-Governadoria-5--724x1024.png 724w, https:\/\/sinspeb.org.br\/wp-content\/uploads\/2021\/07\/Cartaz-da-Assembleia-Em-frente-a-Governadoria-5--768x1086.png 768w, https:\/\/sinspeb.org.br\/wp-content\/uploads\/2021\/07\/Cartaz-da-Assembleia-Em-frente-a-Governadoria-5--1086x1536.png 1086w, https:\/\/sinspeb.org.br\/wp-content\/uploads\/2021\/07\/Cartaz-da-Assembleia-Em-frente-a-Governadoria-5--1448x2048.png 1448w, https:\/\/sinspeb.org.br\/wp-content\/uploads\/2021\/07\/Cartaz-da-Assembleia-Em-frente-a-Governadoria-5-.png 1754w\" sizes=\"(max-width: 212px) 100vw, 212px\" \/><\/p>\n<p>O Presidente do Sindicato dos Servidores da Pol\u00edcia Penal do Estado da Bahia-SINSPPEB, Reivon Pimentel, convoca todos os Servidores e Servidoras da Pol\u00edcia Penal do ESTADO DA BAHIA para participarem de Assembleia Geral Extraordin\u00e1ria em frente \u00e0 Sede da Governadoria.<\/p>\n<p>ASSIM COMO NA PANDEMIA DA COVID-19, OS POLICIAIS PENAIS EST\u00c3O VIVENCIANDO A FASE DA COR ROXA, QUE \u00c9 A MAIS CR\u00cdTICA NA LUTA PELA APROVA\u00c7\u00c3O DA PEC 160\/2020.<\/p>\n<p>AQUELE(A) QUE N\u00c3O LUTA PELO FUTURO QUE QUER, DEVE ACEITAR O FUTURO QUE VIER! SENDO ASSIM, VOC\u00ca EST\u00c1 DISPOSTO(A) A SAIR DA SUA ZONA DE CONFORTO E LUTAR PELA APROVA\u00c7\u00c3O DA PEC DA POL\u00cdCIA PENAL? ENT\u00c3O, JUNTE-SE A N\u00d3S!<\/p>\n<p>\u2705 LOCAL: EM FRENTE \u00c0 SEDE DA GOVERNADORIA QUE FICA LOCALIZADA NO CENTRO ADMINISTRATIVO DA BAHIA-CAB.<\/p>\n<p>\u2705 DATA: 28.07.2021(Quarta-feira).<\/p>\n<p>\u2705 HOR\u00c1RIO: 09H EM PRIMEIRA CHAMADA E \u00c0S 09H30MIN EM SEGUNDA E \u00daLTIMA CHAMADA.<\/p>\n<p>GEST\u00c3O UFC &#8211; POR UM FUTURO MELHOR PARA A CATEGORIA!<\/p>\n<p>ASCOM &#8211; SINSPPEB<\/p>\n","protected":false},"excerpt":{"rendered":"<p>O Presidente do Sindicato dos Servidores da Pol\u00edcia Penal do Estado da Bahia-SINSPPEB, Reivon Pimentel, convoca todos os Servidores e<\/p>\n","protected":false},"author":3,"featured_media":2525,"comment_status":"open","ping_status":"open","sticky":false,"template":"","format":"standard","meta":{"colormag_page_container_layout":"default_layout","colormag_page_sidebar_layout":"default_layout","footnotes":""},"categories":[45,1],"tags":[],"class_list":["post-2537","post","type-post","status-publish","format-standard","has-post-thumbnail","hentry","category-importante","category-noticias"],"_links":{"self":[{"href":"https:\/\/sinspeb.org.br\/index.php?rest_route=\/wp\/v2\/posts\/2537","targetHints":{"allow":["GET"]}}],"collection":[{"href":"https:\/\/sinspeb.org.br\/index.php?rest_route=\/wp\/v2\/posts"}],"about":[{"href":"https:\/\/sinspeb.org.br\/index.php?rest_route=\/wp\/v2\/types\/post"}],"author":[{"embeddable":true,"href":"https:\/\/sinspeb.org.br\/index.php?rest_route=\/wp\/v2\/users\/3"}],"replies":[{"embeddable":true,"href":"https:\/\/sinspeb.org.br\/index.php?rest_route=%2Fwp%2Fv2%2Fcomments&post=2537"}],"version-history":[{"count":3,"href":"https:\/\/sinspeb.org.br\/index.php?rest_route=\/wp\/v2\/posts\/2537\/revisions"}],"predecessor-version":[{"id":2540,"href":"https:\/\/sinspeb.org.br\/index.php?rest_route=\/wp\/v2\/posts\/2537\/revisions\/2540"}],"wp:featuredmedia":[{"embeddable":true,"href":"https:\/\/sinspeb.org.br\/index.php?rest_route=\/wp\/v2\/media\/2525"}],"wp:attachment":[{"href":"https:\/\/sinspeb.org.br\/index.php?rest_route=%2Fwp%2Fv2%2Fmedia&parent=2537"}],"wp:term":[{"taxonomy":"category","embeddable":true,"href":"https:\/\/sinspeb.org.br\/index.php?rest_route=%2Fwp%2Fv2%2Fcategories&post=2537"},{"taxonomy":"post_tag","embeddable":true,"href":"https:\/\/sinspeb.org.br\/index.php?rest_route=%2Fwp%2Fv2%2Ftags&post=2537"}],"curies":[{"name":"wp","href":"https:\/\/api.w.org\/{rel}","templated":true}]}}