{"id":2544,"date":"2021-07-21T14:04:12","date_gmt":"2021-07-21T17:04:12","guid":{"rendered":"http:\/\/sinspeb.org.br\/?p=2544"},"modified":"2021-07-21T14:04:12","modified_gmt":"2021-07-21T17:04:12","slug":"durante-operacao-de-revista-geral-policiais-penais-do-cptf-apreendem-materiais-ilicitos","status":"publish","type":"post","link":"https:\/\/sinspeb.org.br\/?p=2544","title":{"rendered":"DURANTE OPERA\u00c7\u00c3O DE REVISTA GERAL, POLICIAIS PENAIS DO CPTF APREENDEM MATERIAIS IL\u00cdCITOS"},"content":{"rendered":"<p><img fetchpriority=\"high\" decoding=\"async\" class=\"alignnone size-medium wp-image-2546\" src=\"http:\/\/sinspeb.org.br\/wp-content\/uploads\/2021\/07\/IMG-20210721-WA00062-258x300.jpg\" alt=\"\" width=\"258\" height=\"300\" srcset=\"https:\/\/sinspeb.org.br\/wp-content\/uploads\/2021\/07\/IMG-20210721-WA00062-258x300.jpg 258w, https:\/\/sinspeb.org.br\/wp-content\/uploads\/2021\/07\/IMG-20210721-WA00062.jpg 439w\" sizes=\"(max-width: 258px) 100vw, 258px\" \/><\/p>\n<p>Na data de ontem (20.07.21), durante opera\u00e7\u00e3o de revista (baculejo), que durou das 06h \u00e0s 16h e foi comandada pelo Diretor Tito Vinhas e pelo Coordenador de Seguran\u00e7a S\u00e9rgio Dias, Policiais Penais do Conjunto Penal de Teixeira de Freitas-CPTF apreenderam diversos materiais il\u00edcitos.<\/p>\n<p>\u2705 Os materiais confiscados foram:<\/p>\n<p>\ud83d\udea840 aparelhos celulares<br \/>\n\ud83d\udea827 carregadores<br \/>\n\ud83d\udea813 chunchos (faca artesanal)<br \/>\n\ud83d\udea801 fac\u00e3o artesanal<br \/>\n\ud83d\udea8 01 fac\u00e3o federal<br \/>\n\ud83d\udea814 cadernos de anota\u00e7\u00e3o do tr\u00e1fico<br \/>\n\ud83d\udea8 06 fones de ouvido<br \/>\n\ud83d\udea805 baterias de celular<br \/>\n\ud83d\udea801 ma\u00e7o de cabelo (mega hair)<br \/>\n\ud83d\udea801 fone de ouvido bluetooth<br \/>\n\ud83d\udea828 adaptadores de chip de celular<\/p>\n<p>O Presidente do Sindicato dos Servidores da Pol\u00edcia Penal do Estado da Bahia-SINSPPEB, Reivon Pimentel, h\u00e1 muito tempo vem cobrando da Secretaria de Administra\u00e7\u00e3o Penitenci\u00e1ria e Ressocializa\u00e7\u00e3o do Estado da Bahia-SEAP\/BA, o investimento na instala\u00e7\u00e3o de telamento com o prop\u00f3sito de impedir o acesso dos presos aos il\u00edcitos arremessados, bem como em aparatos tecnol\u00f3gicos, como por exempo: Circuito Fechado de Televis\u00e3o-CFTV e de bloqueadores de telefonia m\u00f3vel que s\u00e3o essenciais e indispens\u00e1veis para auxiliar os Policiais Penais. Al\u00e9m disso, por v\u00e1rias vezes j\u00e1 foi solicitada a abertura de concurso p\u00fablico urgente para recompor o efetivo, por\u00e9m at\u00e9 o momento nada foi feito.<\/p>\n<p>Parabenizamos os Policiais Penais do CPTF que com bravura, responsabilidade, dedica\u00e7\u00e3o e ousadia executaram esta opera\u00e7\u00e3o! \ud83d\udc4f\ud83c\udffc\ud83d\udc4f\ud83c\udffc\ud83d\udc4f\ud83c\udffc\ud83d\udc4f\ud83c\udffc\ud83d\udc4f\ud83c\udffc<\/p>\n<p>ASCOM \u2013 SINSPPEB<\/p>\n","protected":false},"excerpt":{"rendered":"<p>Na data de ontem (20.07.21), durante opera\u00e7\u00e3o de revista (baculejo), que durou das 06h \u00e0s 16h e foi comandada pelo<\/p>\n","protected":false},"author":3,"featured_media":2545,"comment_status":"open","ping_status":"open","sticky":false,"template":"","format":"standard","meta":{"colormag_page_container_layout":"default_layout","colormag_page_sidebar_layout":"default_layout","footnotes":""},"categories":[45,1],"tags":[],"class_list":["post-2544","post","type-post","status-publish","format-standard","has-post-thumbnail","hentry","category-importante","category-noticias"],"_links":{"self":[{"href":"https:\/\/sinspeb.org.br\/index.php?rest_route=\/wp\/v2\/posts\/2544","targetHints":{"allow":["GET"]}}],"collection":[{"href":"https:\/\/sinspeb.org.br\/index.php?rest_route=\/wp\/v2\/posts"}],"about":[{"href":"https:\/\/sinspeb.org.br\/index.php?rest_route=\/wp\/v2\/types\/post"}],"author":[{"embeddable":true,"href":"https:\/\/sinspeb.org.br\/index.php?rest_route=\/wp\/v2\/users\/3"}],"replies":[{"embeddable":true,"href":"https:\/\/sinspeb.org.br\/index.php?rest_route=%2Fwp%2Fv2%2Fcomments&post=2544"}],"version-history":[{"count":1,"href":"https:\/\/sinspeb.org.br\/index.php?rest_route=\/wp\/v2\/posts\/2544\/revisions"}],"predecessor-version":[{"id":2547,"href":"https:\/\/sinspeb.org.br\/index.php?rest_route=\/wp\/v2\/posts\/2544\/revisions\/2547"}],"wp:featuredmedia":[{"embeddable":true,"href":"https:\/\/sinspeb.org.br\/index.php?rest_route=\/wp\/v2\/media\/2545"}],"wp:attachment":[{"href":"https:\/\/sinspeb.org.br\/index.php?rest_route=%2Fwp%2Fv2%2Fmedia&parent=2544"}],"wp:term":[{"taxonomy":"category","embeddable":true,"href":"https:\/\/sinspeb.org.br\/index.php?rest_route=%2Fwp%2Fv2%2Fcategories&post=2544"},{"taxonomy":"post_tag","embeddable":true,"href":"https:\/\/sinspeb.org.br\/index.php?rest_route=%2Fwp%2Fv2%2Ftags&post=2544"}],"curies":[{"name":"wp","href":"https:\/\/api.w.org\/{rel}","templated":true}]}}