{"id":2548,"date":"2021-07-21T16:55:17","date_gmt":"2021-07-21T19:55:17","guid":{"rendered":"http:\/\/sinspeb.org.br\/?p=2548"},"modified":"2021-07-21T16:55:17","modified_gmt":"2021-07-21T19:55:17","slug":"sinsppeb-itinerante-visita-o-conjunto-penal-de-teixeira-de-freitas","status":"publish","type":"post","link":"https:\/\/sinspeb.org.br\/?p=2548","title":{"rendered":"SINSPPEB ITINERANTE VISITA O CONJUNTO PENAL DE TEIXEIRA DE FREITAS"},"content":{"rendered":"<p><img fetchpriority=\"high\" decoding=\"async\" class=\"alignnone size-medium wp-image-2549\" src=\"http:\/\/sinspeb.org.br\/wp-content\/uploads\/2021\/07\/ItineranteCPTF3-300x224.png\" alt=\"\" width=\"300\" height=\"224\" srcset=\"https:\/\/sinspeb.org.br\/wp-content\/uploads\/2021\/07\/ItineranteCPTF3-300x224.png 300w, https:\/\/sinspeb.org.br\/wp-content\/uploads\/2021\/07\/ItineranteCPTF3-1024x765.png 1024w, https:\/\/sinspeb.org.br\/wp-content\/uploads\/2021\/07\/ItineranteCPTF3-768x573.png 768w, https:\/\/sinspeb.org.br\/wp-content\/uploads\/2021\/07\/ItineranteCPTF3.png 1488w\" sizes=\"(max-width: 300px) 100vw, 300px\" \/><\/p>\n<p>Como informado anteriormente, na manh\u00e3 de hoje (21.07.21), o SINSPPEB ITINERANTE visitou o Conjunto Penal de Teixeira de Freitas-CPTF.<\/p>\n<p>Os Guerreiros e Guerreiras que se fizeram presentes na reuni\u00e3o, tiraram suas d\u00favidas a respeito dos preju\u00edzos que a PEC n\u00b0 32\/2020 (Reforma Administrativa) trar\u00e1 para os Servidores P\u00fablicos se for aprovada, bem como sobre Horas Excedentes, C\u00e1lculos de Horas Extras Incorpor\u00e1veis aos Proventos de Aposentadoria, Gratifica\u00e7\u00e3o de Servi\u00e7os Penitenci\u00e1rios-GSP, e tamb\u00e9m sobre a tramita\u00e7\u00e3o da PEC 160\/2020.<\/p>\n<p>Para o Diretor do SINSPPEB e Policial Penal Baltazar Soares, que \u00e9 lotado no CPTF: &#8220;a reuni\u00e3o realizada pelos Representantes do SINSPPEB foi bastante produtiva, pois foram sanadas as d\u00favidas dos Servidores e Servidoras da Unidade. Ademais, houve atualiza\u00e7\u00e3o das pautas que atualmente v\u00eam sido pleiteadas pela Diretoria do Sindicato junto \u00e0s autoridades competentes. Al\u00e9m disso, os Policias Penais se comprometeram organizar uma caravana para marcarem presen\u00e7a na Assembleia do dia 28.07.21 em frente \u00e0 Governadoria&#8221;.<\/p>\n<p>\u26a0\ufe0f Avisamos que, na pr\u00f3xima sexta-feira (23.07.21), ser\u00e1 visitado o Conjunto Penal de Feira de Santana, por este motivo, convocamos os Servidores e Servidoras da Unidade para estarem presentes na reuni\u00e3o que ser\u00e1 realizada pelos Representantes do SINSPPEB, \u00e0s 08h.<\/p>\n<p>GEST\u00c3O UFC &#8211; FALTA APENAS UMA UNIDADE DO INTERIOR SER VISITADA! \ud83e\udd1c\ud83c\udffc\ud83e\udd1b\ud83c\udffc<\/p>\n<p>ASCOM \u2013 SINSPPEB<\/p>\n","protected":false},"excerpt":{"rendered":"<p>Como informado anteriormente, na manh\u00e3 de hoje (21.07.21), o SINSPPEB ITINERANTE visitou o Conjunto Penal de Teixeira de Freitas-CPTF. Os<\/p>\n","protected":false},"author":3,"featured_media":2549,"comment_status":"open","ping_status":"open","sticky":false,"template":"","format":"standard","meta":{"colormag_page_container_layout":"default_layout","colormag_page_sidebar_layout":"default_layout","footnotes":""},"categories":[45,1],"tags":[],"class_list":["post-2548","post","type-post","status-publish","format-standard","has-post-thumbnail","hentry","category-importante","category-noticias"],"_links":{"self":[{"href":"https:\/\/sinspeb.org.br\/index.php?rest_route=\/wp\/v2\/posts\/2548","targetHints":{"allow":["GET"]}}],"collection":[{"href":"https:\/\/sinspeb.org.br\/index.php?rest_route=\/wp\/v2\/posts"}],"about":[{"href":"https:\/\/sinspeb.org.br\/index.php?rest_route=\/wp\/v2\/types\/post"}],"author":[{"embeddable":true,"href":"https:\/\/sinspeb.org.br\/index.php?rest_route=\/wp\/v2\/users\/3"}],"replies":[{"embeddable":true,"href":"https:\/\/sinspeb.org.br\/index.php?rest_route=%2Fwp%2Fv2%2Fcomments&post=2548"}],"version-history":[{"count":1,"href":"https:\/\/sinspeb.org.br\/index.php?rest_route=\/wp\/v2\/posts\/2548\/revisions"}],"predecessor-version":[{"id":2550,"href":"https:\/\/sinspeb.org.br\/index.php?rest_route=\/wp\/v2\/posts\/2548\/revisions\/2550"}],"wp:featuredmedia":[{"embeddable":true,"href":"https:\/\/sinspeb.org.br\/index.php?rest_route=\/wp\/v2\/media\/2549"}],"wp:attachment":[{"href":"https:\/\/sinspeb.org.br\/index.php?rest_route=%2Fwp%2Fv2%2Fmedia&parent=2548"}],"wp:term":[{"taxonomy":"category","embeddable":true,"href":"https:\/\/sinspeb.org.br\/index.php?rest_route=%2Fwp%2Fv2%2Fcategories&post=2548"},{"taxonomy":"post_tag","embeddable":true,"href":"https:\/\/sinspeb.org.br\/index.php?rest_route=%2Fwp%2Fv2%2Ftags&post=2548"}],"curies":[{"name":"wp","href":"https:\/\/api.w.org\/{rel}","templated":true}]}}