{"id":2552,"date":"2021-07-22T12:42:11","date_gmt":"2021-07-22T15:42:11","guid":{"rendered":"http:\/\/sinspeb.org.br\/?p=2552"},"modified":"2021-07-22T12:42:11","modified_gmt":"2021-07-22T15:42:11","slug":"policiais-penais-do-cptf-frustram-menor-de-idade-que-tentava-arremessar-drogas-e-facas","status":"publish","type":"post","link":"https:\/\/sinspeb.org.br\/?p=2552","title":{"rendered":"POLICIAIS PENAIS DO CPTF FRUSTRAM MENOR DE IDADE QUE TENTAVA ARREMESSAR DROGAS E FACAS"},"content":{"rendered":"<p>A despeito de na ter\u00e7a (20.07.21), ter sido realizada uma revista geral no Conjunto Penal de Teixeira de Freitas-CPTF, na madrugada de ontem (21.07.21), um menor de idade, usando capuz e cal\u00e7a legging, chegou num carro cuja placa est\u00e1 ainda em an\u00e1lise, com o intuito de arremessar materiais il\u00edcitos para os internos. O comparsa ficou esperando dentro do ve\u00edculo, enquanto o menor ao sair, pegou uma mochila e uma corda para escalar a parede do Conjunto Penal.<\/p>\n<p>No entanto, o invasor foi identificado pelos Policiais Penais que estavam na sala de monitoramento bem atentos.<\/p>\n<p>\u2747\ufe0f Com o adolescente foram encontrados:<\/p>\n<p>\ud83d\udea8 4,8 kg de subst\u00e2ncia an\u00e1loga a maconha<br \/>\n\ud83d\udea8 02 facas<br \/>\n\ud83d\udea8 V\u00e1rios pap\u00e9is que seriam utilizados para fazer baseados<\/p>\n<p>O Presidente do Sindicato dos Servidores da Pol\u00edcia Penal do Estado da Bahia-SINSPPEB, Reivon Pimentel, j\u00e1 solicitou por diversas vezes ao Governor do Estado a realiza\u00e7\u00e3o de concurso p\u00fablico para viabilizar o ingresso de novos Policiais Penais, haja vista o estado de desertifica\u00e7\u00e3o de Policiais nas Unidades Prisionais, como tamb\u00e9m a constru\u00e7\u00e3o de muros e barreiras que protejam o per\u00edmetro dos Estabelecimentos Penais, evitando a aproxima\u00e7\u00e3o de criminosos.<\/p>\n<p>&#8220;Infelizmente estamos a merc\u00ea da boa vontade das autoridades competentes que fazem vistas grossas diante das in\u00fameras den\u00fancias que recebem&#8221;, afirma Reivon.<\/p>\n<p>\u00c9 com muito orgulho que mais uma vez queremos parabenizar os Policiais Penais do CPTF, que apesar do baixo efetivo, est\u00e3o sempre atentos e prontos a conter o avan\u00e7o da criminalidade na Unidade. \ud83d\udc4f\ud83c\udffc\ud83d\udc4f\ud83c\udffc\ud83d\udc4f\ud83c\udffc\ud83d\udc4f\ud83c\udffc\ud83d\udc4f\ud83c\udffc\ud83d\udc4f\ud83c\udffc\ud83e\udd73\ud83e\udd73\ud83e\udd73<\/p>\n<p>ASCOM-SINSPPEB<\/p>\n","protected":false},"excerpt":{"rendered":"<p>A despeito de na ter\u00e7a (20.07.21), ter sido realizada uma revista geral no Conjunto Penal de Teixeira de Freitas-CPTF, na<\/p>\n","protected":false},"author":3,"featured_media":2554,"comment_status":"open","ping_status":"open","sticky":false,"template":"","format":"standard","meta":{"colormag_page_container_layout":"default_layout","colormag_page_sidebar_layout":"default_layout","footnotes":""},"categories":[45,1],"tags":[],"class_list":["post-2552","post","type-post","status-publish","format-standard","has-post-thumbnail","hentry","category-importante","category-noticias"],"_links":{"self":[{"href":"https:\/\/sinspeb.org.br\/index.php?rest_route=\/wp\/v2\/posts\/2552","targetHints":{"allow":["GET"]}}],"collection":[{"href":"https:\/\/sinspeb.org.br\/index.php?rest_route=\/wp\/v2\/posts"}],"about":[{"href":"https:\/\/sinspeb.org.br\/index.php?rest_route=\/wp\/v2\/types\/post"}],"author":[{"embeddable":true,"href":"https:\/\/sinspeb.org.br\/index.php?rest_route=\/wp\/v2\/users\/3"}],"replies":[{"embeddable":true,"href":"https:\/\/sinspeb.org.br\/index.php?rest_route=%2Fwp%2Fv2%2Fcomments&post=2552"}],"version-history":[{"count":1,"href":"https:\/\/sinspeb.org.br\/index.php?rest_route=\/wp\/v2\/posts\/2552\/revisions"}],"predecessor-version":[{"id":2555,"href":"https:\/\/sinspeb.org.br\/index.php?rest_route=\/wp\/v2\/posts\/2552\/revisions\/2555"}],"wp:featuredmedia":[{"embeddable":true,"href":"https:\/\/sinspeb.org.br\/index.php?rest_route=\/wp\/v2\/media\/2554"}],"wp:attachment":[{"href":"https:\/\/sinspeb.org.br\/index.php?rest_route=%2Fwp%2Fv2%2Fmedia&parent=2552"}],"wp:term":[{"taxonomy":"category","embeddable":true,"href":"https:\/\/sinspeb.org.br\/index.php?rest_route=%2Fwp%2Fv2%2Fcategories&post=2552"},{"taxonomy":"post_tag","embeddable":true,"href":"https:\/\/sinspeb.org.br\/index.php?rest_route=%2Fwp%2Fv2%2Ftags&post=2552"}],"curies":[{"name":"wp","href":"https:\/\/api.w.org\/{rel}","templated":true}]}}