{"id":2560,"date":"2021-07-22T17:04:16","date_gmt":"2021-07-22T20:04:16","guid":{"rendered":"http:\/\/sinspeb.org.br\/?p=2560"},"modified":"2021-07-22T17:04:16","modified_gmt":"2021-07-22T20:04:16","slug":"visita-do-sinsppeb-itinerante-para-o-cpfs-sera-adiada-para-o-proximo-sabado","status":"publish","type":"post","link":"https:\/\/sinspeb.org.br\/?p=2560","title":{"rendered":"VISITA DO SINSPPEB ITINERANTE PARA O CPFS SER\u00c1 ADIADA PARA O PR\u00d3XIMO S\u00c1BADO"},"content":{"rendered":"<p>\u26a0\ufe0f O Presidente do Sindicato dos Servidores da Pol\u00edcia Penal do Estado da Bahia-SINSPPEB, Reivon Pimentel, informa, que a visita do SINSPPEB ITINERANTE para o Conjunto Penal de Feira de Santana que seria realizada amanh\u00e3 (23.07.21), ser\u00e1 adiada para o pr\u00f3ximo s\u00e1bado (24.07.21). Sendo assim, convocamos os Servidores e Servidoras da Unidade para estarem presentes na reuni\u00e3o que foi remarcada para s\u00e1bado, \u00e0s 08h.<\/p>\n<p>GEST\u00c3O UFC &#8211; EM PROL DA CATEGORIA!<\/p>\n<p>\ud83e\udd1c\ud83c\udffc\ud83e\udd1b\ud83c\udffc<\/p>\n<p>ASCOM \u2013 SINSPPEB<\/p>\n","protected":false},"excerpt":{"rendered":"<p>\u26a0\ufe0f O Presidente do Sindicato dos Servidores da Pol\u00edcia Penal do Estado da Bahia-SINSPPEB, Reivon Pimentel, informa, que a visita<\/p>\n","protected":false},"author":3,"featured_media":1336,"comment_status":"open","ping_status":"open","sticky":false,"template":"","format":"standard","meta":{"colormag_page_container_layout":"default_layout","colormag_page_sidebar_layout":"default_layout","footnotes":""},"categories":[45,1],"tags":[],"class_list":["post-2560","post","type-post","status-publish","format-standard","has-post-thumbnail","hentry","category-importante","category-noticias"],"_links":{"self":[{"href":"https:\/\/sinspeb.org.br\/index.php?rest_route=\/wp\/v2\/posts\/2560","targetHints":{"allow":["GET"]}}],"collection":[{"href":"https:\/\/sinspeb.org.br\/index.php?rest_route=\/wp\/v2\/posts"}],"about":[{"href":"https:\/\/sinspeb.org.br\/index.php?rest_route=\/wp\/v2\/types\/post"}],"author":[{"embeddable":true,"href":"https:\/\/sinspeb.org.br\/index.php?rest_route=\/wp\/v2\/users\/3"}],"replies":[{"embeddable":true,"href":"https:\/\/sinspeb.org.br\/index.php?rest_route=%2Fwp%2Fv2%2Fcomments&post=2560"}],"version-history":[{"count":1,"href":"https:\/\/sinspeb.org.br\/index.php?rest_route=\/wp\/v2\/posts\/2560\/revisions"}],"predecessor-version":[{"id":2562,"href":"https:\/\/sinspeb.org.br\/index.php?rest_route=\/wp\/v2\/posts\/2560\/revisions\/2562"}],"wp:featuredmedia":[{"embeddable":true,"href":"https:\/\/sinspeb.org.br\/index.php?rest_route=\/wp\/v2\/media\/1336"}],"wp:attachment":[{"href":"https:\/\/sinspeb.org.br\/index.php?rest_route=%2Fwp%2Fv2%2Fmedia&parent=2560"}],"wp:term":[{"taxonomy":"category","embeddable":true,"href":"https:\/\/sinspeb.org.br\/index.php?rest_route=%2Fwp%2Fv2%2Fcategories&post=2560"},{"taxonomy":"post_tag","embeddable":true,"href":"https:\/\/sinspeb.org.br\/index.php?rest_route=%2Fwp%2Fv2%2Ftags&post=2560"}],"curies":[{"name":"wp","href":"https:\/\/api.w.org\/{rel}","templated":true}]}}