{"id":2563,"date":"2021-07-23T20:24:24","date_gmt":"2021-07-23T23:24:24","guid":{"rendered":"http:\/\/sinspeb.org.br\/?p=2563"},"modified":"2021-07-23T20:33:08","modified_gmt":"2021-07-23T23:33:08","slug":"pedido-urgente-de-doacao-de-sangue%f0%9f%a9%b8-2","status":"publish","type":"post","link":"https:\/\/sinspeb.org.br\/?p=2563","title":{"rendered":"PEDIDO URGENTE DE DOA\u00c7\u00c3O DE SANGUE\ud83e\ude78"},"content":{"rendered":"<p><img fetchpriority=\"high\" decoding=\"async\" class=\"alignnone size-medium wp-image-2564\" src=\"http:\/\/sinspeb.org.br\/wp-content\/uploads\/2021\/07\/IMG-20210723-WA00802-287x300.jpg\" alt=\"\" width=\"287\" height=\"300\" srcset=\"https:\/\/sinspeb.org.br\/wp-content\/uploads\/2021\/07\/IMG-20210723-WA00802-287x300.jpg 287w, https:\/\/sinspeb.org.br\/wp-content\/uploads\/2021\/07\/IMG-20210723-WA00802.jpg 720w\" sizes=\"(max-width: 287px) 100vw, 287px\" \/><\/p>\n<p>O Presidente do Sindicato dos Servidores da Pol\u00edcia Penal do Estado da Bahia-SINSPPEB, Reivon Pimentel, convoca os Servidores e Servidoras da Pol\u00edcia Penal para colaborarem com este ato de solidariedade que \u00e9 a Doa\u00e7\u00e3o de Sangue para o adolescente Carlos Gil Almeida Soares da Cruz que ser\u00e1 submetido a uma cirurgia no dia 26.07.21 para remo\u00e7\u00e3o de um tumor no quadril esquerdo.<\/p>\n<p>PONTO DE COLETA:<\/p>\n<p>\u27a1\ufe0f Servi\u00e7o de Transfus\u00e3o de Sangue-STS de Nazar\u00e9.<\/p>\n<p>CONTATOS DO STS:<\/p>\n<p>\ud83d\udcde 3017-8200<\/p>\n<p>\ud83d\udcde 2103-8200<\/p>\n<p>\ud83d\udcde2102-4482<\/p>\n<p>\u2747\ufe0f Dia e Hor\u00e1rio de Funcionamento do STS:<\/p>\n<p>\ud83d\udcc6 \u23f0 Segunda a sexta das 07h \u00e0s 13h.<\/p>\n<p>\ud83e\ude78Tipo Sangu\u00edneo:<\/p>\n<p>\u27a1 \ufe0f O- (O negativo).<\/p>\n<p>\ud83d\udca1 No ato da doa\u00e7\u00e3o, basta informar o nome do paciente e o nome do Hospital onde ser\u00e1 realizada a cirurgia, ou seja, Hospital COT.<\/p>\n<p>A Fam\u00edlia e os amigos agradecem desde j\u00e1 pelo gesto de amor!<\/p>\n<p>&nbsp;<\/p>\n<p>ASCOM &#8211; SINSPPEB<\/p>\n","protected":false},"excerpt":{"rendered":"<p>O Presidente do Sindicato dos Servidores da Pol\u00edcia Penal do Estado da Bahia-SINSPPEB, Reivon Pimentel, convoca os Servidores e Servidoras<\/p>\n","protected":false},"author":3,"featured_media":2566,"comment_status":"open","ping_status":"open","sticky":false,"template":"","format":"standard","meta":{"colormag_page_container_layout":"default_layout","colormag_page_sidebar_layout":"default_layout","footnotes":""},"categories":[45,1],"tags":[],"class_list":["post-2563","post","type-post","status-publish","format-standard","has-post-thumbnail","hentry","category-importante","category-noticias"],"_links":{"self":[{"href":"https:\/\/sinspeb.org.br\/index.php?rest_route=\/wp\/v2\/posts\/2563","targetHints":{"allow":["GET"]}}],"collection":[{"href":"https:\/\/sinspeb.org.br\/index.php?rest_route=\/wp\/v2\/posts"}],"about":[{"href":"https:\/\/sinspeb.org.br\/index.php?rest_route=\/wp\/v2\/types\/post"}],"author":[{"embeddable":true,"href":"https:\/\/sinspeb.org.br\/index.php?rest_route=\/wp\/v2\/users\/3"}],"replies":[{"embeddable":true,"href":"https:\/\/sinspeb.org.br\/index.php?rest_route=%2Fwp%2Fv2%2Fcomments&post=2563"}],"version-history":[{"count":3,"href":"https:\/\/sinspeb.org.br\/index.php?rest_route=\/wp\/v2\/posts\/2563\/revisions"}],"predecessor-version":[{"id":2568,"href":"https:\/\/sinspeb.org.br\/index.php?rest_route=\/wp\/v2\/posts\/2563\/revisions\/2568"}],"wp:featuredmedia":[{"embeddable":true,"href":"https:\/\/sinspeb.org.br\/index.php?rest_route=\/wp\/v2\/media\/2566"}],"wp:attachment":[{"href":"https:\/\/sinspeb.org.br\/index.php?rest_route=%2Fwp%2Fv2%2Fmedia&parent=2563"}],"wp:term":[{"taxonomy":"category","embeddable":true,"href":"https:\/\/sinspeb.org.br\/index.php?rest_route=%2Fwp%2Fv2%2Fcategories&post=2563"},{"taxonomy":"post_tag","embeddable":true,"href":"https:\/\/sinspeb.org.br\/index.php?rest_route=%2Fwp%2Fv2%2Ftags&post=2563"}],"curies":[{"name":"wp","href":"https:\/\/api.w.org\/{rel}","templated":true}]}}