{"id":2574,"date":"2021-07-24T20:41:51","date_gmt":"2021-07-24T23:41:51","guid":{"rendered":"http:\/\/sinspeb.org.br\/?p=2574"},"modified":"2021-07-24T20:41:51","modified_gmt":"2021-07-24T23:41:51","slug":"%f0%9f%97%a3%ef%b8%8f-faltam-cinco-dias-para-assembleia-geral-extraordinaria-em-frente-a-sede-da-governadoria-%f0%9f%93%a3","status":"publish","type":"post","link":"https:\/\/sinspeb.org.br\/?p=2574","title":{"rendered":"\ud83d\udde3\ufe0f FALTAM CINCO DIAS PARA ASSEMBLEIA GERAL EXTRAORDIN\u00c1RIA EM FRENTE \u00c0 SEDE DA GOVERNADORIA!!! \ud83d\udce3"},"content":{"rendered":"<div style=\"width: 800px;\" class=\"wp-video\"><!--[if lt IE 9]><script>document.createElement('video');<\/script><![endif]-->\n<video class=\"wp-video-shortcode\" id=\"video-2574-1\" width=\"800\" height=\"800\" preload=\"metadata\" controls=\"controls\"><source type=\"video\/mp4\" src=\"http:\/\/sinspeb.org.br\/wp-content\/uploads\/2021\/07\/Contagem-Regressiva-para-Assembeia-5.mp4?_=1\" \/><a href=\"http:\/\/sinspeb.org.br\/wp-content\/uploads\/2021\/07\/Contagem-Regressiva-para-Assembeia-5.mp4\">http:\/\/sinspeb.org.br\/wp-content\/uploads\/2021\/07\/Contagem-Regressiva-para-Assembeia-5.mp4<\/a><\/video><\/div>\n<p>O Presidente do Sindicato dos Servidores da Pol\u00edcia Penal do Estado da Bahia-SINSPPEB, Reivon Pimentel, convoca todos os Servidores e Servidoras da Pol\u00edcia Penal do ESTADO DA BAHIA para participarem de Assembleia Geral Extraordin\u00e1ria em frente \u00e0 Sede da Governadoria.<\/p>\n<p>Esta \u00e9 uma luta de toda categoria, por isso, contamos tamb\u00e9m com a presen\u00e7a maci\u00e7a dos Aposentados e daqueles que laboram no GEOP, GSI e na Central Eletr\u00f4nica de Monitora\u00e7\u00e3o de Pessoas.<\/p>\n<p>ESTAMOS EM CONTAGEM REGRESSIVA! EST\u00c1 CHEGANDO O DIA DA FASE DECISIVA NA LUTA PELA APROVA\u00c7\u00c3O DA PEC 160\/2020.<\/p>\n<p>\u2705 LOCAL: EM FRENTE \u00c0 SEDE DA GOVERNADORIA QUE FICA LOCALIZADA NO CENTRO ADMINISTRATIVO DA BAHIA-CAB.<\/p>\n<p>\u2705 DATA: 28.07.2021(Quarta-feira).<\/p>\n<p>\u2705 HOR\u00c1RIO: 09H EM PRIMEIRA CHAMADA E \u00c0S 09H30MIN EM SEGUNDA E \u00daLTIMA CHAMADA.<\/p>\n<p>\ud83d\udc55 Informamos que as camisas personalizadas da Pol\u00edcia Penal ser\u00e3o entregues no dia 28.07.21 para \u00e0queles(as) que ainda n\u00e3o receberam.<\/p>\n<p>GEST\u00c3O UFC &#8211; POL\u00cdCIA PENAL J\u00c1!<\/p>\n<p>ASCOM &#8211; SINSPPEB<\/p>\n","protected":false},"excerpt":{"rendered":"<p>O Presidente do Sindicato dos Servidores da Pol\u00edcia Penal do Estado da Bahia-SINSPPEB, Reivon Pimentel, convoca todos os Servidores e<\/p>\n","protected":false},"author":3,"featured_media":2576,"comment_status":"open","ping_status":"open","sticky":false,"template":"","format":"standard","meta":{"colormag_page_container_layout":"default_layout","colormag_page_sidebar_layout":"default_layout","footnotes":""},"categories":[45,1],"tags":[],"class_list":["post-2574","post","type-post","status-publish","format-standard","has-post-thumbnail","hentry","category-importante","category-noticias"],"_links":{"self":[{"href":"https:\/\/sinspeb.org.br\/index.php?rest_route=\/wp\/v2\/posts\/2574","targetHints":{"allow":["GET"]}}],"collection":[{"href":"https:\/\/sinspeb.org.br\/index.php?rest_route=\/wp\/v2\/posts"}],"about":[{"href":"https:\/\/sinspeb.org.br\/index.php?rest_route=\/wp\/v2\/types\/post"}],"author":[{"embeddable":true,"href":"https:\/\/sinspeb.org.br\/index.php?rest_route=\/wp\/v2\/users\/3"}],"replies":[{"embeddable":true,"href":"https:\/\/sinspeb.org.br\/index.php?rest_route=%2Fwp%2Fv2%2Fcomments&post=2574"}],"version-history":[{"count":1,"href":"https:\/\/sinspeb.org.br\/index.php?rest_route=\/wp\/v2\/posts\/2574\/revisions"}],"predecessor-version":[{"id":2577,"href":"https:\/\/sinspeb.org.br\/index.php?rest_route=\/wp\/v2\/posts\/2574\/revisions\/2577"}],"wp:featuredmedia":[{"embeddable":true,"href":"https:\/\/sinspeb.org.br\/index.php?rest_route=\/wp\/v2\/media\/2576"}],"wp:attachment":[{"href":"https:\/\/sinspeb.org.br\/index.php?rest_route=%2Fwp%2Fv2%2Fmedia&parent=2574"}],"wp:term":[{"taxonomy":"category","embeddable":true,"href":"https:\/\/sinspeb.org.br\/index.php?rest_route=%2Fwp%2Fv2%2Fcategories&post=2574"},{"taxonomy":"post_tag","embeddable":true,"href":"https:\/\/sinspeb.org.br\/index.php?rest_route=%2Fwp%2Fv2%2Ftags&post=2574"}],"curies":[{"name":"wp","href":"https:\/\/api.w.org\/{rel}","templated":true}]}}